{"id":66307,"date":"2026-09-06T01:11:41","date_gmt":"2026-09-06T04:11:41","guid":{"rendered":"https:\/\/agendadelsur.com\/?p=66307"},"modified":"2026-09-06T01:11:43","modified_gmt":"2026-09-06T04:11:43","slug":"mural-en-homenaje-a-fidel-en-sarandi","status":"publish","type":"post","link":"https:\/\/agendadelsur.com\/index.php\/2026\/09\/06\/mural-en-homenaje-a-fidel-en-sarandi\/","title":{"rendered":"Mural en Homenaje a Fidel en Sarand\u00ed"},"content":{"rendered":"\n<h6 class=\"wp-block-heading\">La obra realizada este s\u00e1bado, en Emilio Zola y Gelly y Obes de esa localidad fue una actividad para celebrar el Centenario del Natalicio del Comandante en Jefe Fidel Castro.<\/h6>\n\n\n<div class=\"wp-block-image\">\n<figure class=\"aligncenter size-full\"><img loading=\"lazy\" decoding=\"async\" width=\"500\" height=\"286\" src=\"https:\/\/agendadelsur.com\/wp-content\/uploads\/2026\/09\/8-2.jpg\" alt=\"\" class=\"wp-image-66309\" srcset=\"https:\/\/agendadelsur.com\/wp-content\/uploads\/2026\/09\/8-2.jpg 500w, https:\/\/agendadelsur.com\/wp-content\/uploads\/2026\/09\/8-2-300x172.jpg 300w\" sizes=\"auto, (max-width: 500px) 100vw, 500px\" \/><\/figure>\n<\/div>\n\n\n<p class=\"wp-block-paragraph\">La creaci\u00f3n colectiva del mural en homenaje a Fidel y cont\u00f3 con la participaci\u00f3n de diversas organizaciones, como la Casa de la Amistad Argentina-Cubana, el Partido Comunista, el Movimiento Popular La Dignidad y la CTA de les trabajadores de Avellaneda.<\/p>\n\n\n\n<p class=\"wp-block-paragraph\">Fuente: Casa de la amistad Argentino Cubana<\/p>\n\n\n<div class=\"wp-block-image\">\n<figure class=\"aligncenter size-full is-resized\"><img loading=\"lazy\" decoding=\"async\" width=\"300\" height=\"300\" src=\"https:\/\/agendadelsur.com\/wp-content\/uploads\/2026\/09\/agenda-del-sur.png\" alt=\"\" class=\"wp-image-66310\" style=\"width:488px;height:auto\" srcset=\"https:\/\/agendadelsur.com\/wp-content\/uploads\/2026\/09\/agenda-del-sur.png 300w, https:\/\/agendadelsur.com\/wp-content\/uploads\/2026\/09\/agenda-del-sur-150x150.png 150w\" sizes=\"auto, (max-width: 300px) 100vw, 300px\" \/><\/figure>\n<\/div>","protected":false},"excerpt":{"rendered":"<p>La obra realizada este s\u00e1bado, en Emilio Zola y Gelly y Obes de esa localidad fue una actividad para celebrar el Centenario del Natalicio del Comandante en Jefe Fidel Castro. La creaci\u00f3n colectiva del mural en homenaje a Fidel y cont\u00f3 con la participaci\u00f3n de diversas organizaciones, como la Casa de la Amistad Argentina-Cubana, el [&hellip;]<\/p>\n","protected":false},"author":2,"featured_media":66308,"comment_status":"closed","ping_status":"open","sticky":false,"template":"","format":"standard","meta":{"_jetpack_newsletter_access":"","_jetpack_dont_email_post_to_subs":false,"_jetpack_newsletter_tier_id":0,"_jetpack_memberships_contains_paywalled_content":false,"_jetpack_feature_clip_id":0,"_jetpack_memberships_contains_paid_content":false,"footnotes":"","jetpack_post_was_ever_published":false},"categories":[4],"tags":[18702,18701],"class_list":["post-66307","post","type-post","status-publish","format-standard","has-post-thumbnail","hentry","category-avellaneda","tag-homenaje-a-fidel-en-sarandi","tag-mural-en-homenaje-a-fidel-en-sarandi"],"jetpack_sharing_enabled":true,"jetpack_featured_media_url":"https:\/\/agendadelsur.com\/wp-content\/uploads\/2026\/09\/6-2.jpg","_links":{"self":[{"href":"https:\/\/agendadelsur.com\/index.php\/wp-json\/wp\/v2\/posts\/66307","targetHints":{"allow":["GET"]}}],"collection":[{"href":"https:\/\/agendadelsur.com\/index.php\/wp-json\/wp\/v2\/posts"}],"about":[{"href":"https:\/\/agendadelsur.com\/index.php\/wp-json\/wp\/v2\/types\/post"}],"author":[{"embeddable":true,"href":"https:\/\/agendadelsur.com\/index.php\/wp-json\/wp\/v2\/users\/2"}],"replies":[{"embeddable":true,"href":"https:\/\/agendadelsur.com\/index.php\/wp-json\/wp\/v2\/comments?post=66307"}],"version-history":[{"count":1,"href":"https:\/\/agendadelsur.com\/index.php\/wp-json\/wp\/v2\/posts\/66307\/revisions"}],"predecessor-version":[{"id":66311,"href":"https:\/\/agendadelsur.com\/index.php\/wp-json\/wp\/v2\/posts\/66307\/revisions\/66311"}],"wp:featuredmedia":[{"embeddable":true,"href":"https:\/\/agendadelsur.com\/index.php\/wp-json\/wp\/v2\/media\/66308"}],"wp:attachment":[{"href":"https:\/\/agendadelsur.com\/index.php\/wp-json\/wp\/v2\/media?parent=66307"}],"wp:term":[{"taxonomy":"category","embeddable":true,"href":"https:\/\/agendadelsur.com\/index.php\/wp-json\/wp\/v2\/categories?post=66307"},{"taxonomy":"post_tag","embeddable":true,"href":"https:\/\/agendadelsur.com\/index.php\/wp-json\/wp\/v2\/tags?post=66307"}],"curies":[{"name":"wp","href":"https:\/\/api.w.org\/{rel}","templated":true}]}}