{"id":66312,"date":"2026-09-06T01:19:16","date_gmt":"2026-09-06T04:19:16","guid":{"rendered":"https:\/\/agendadelsur.com\/?p=66312"},"modified":"2026-09-06T01:19:17","modified_gmt":"2026-09-06T04:19:17","slug":"fiebre-de-oro-en-la-puna-la-policia-provincial-avanza-a-rostro-tapado-sobre-el-sangriento-limite-diaguita-en-penas-negras","status":"publish","type":"post","link":"https:\/\/agendadelsur.com\/index.php\/2026\/09\/06\/fiebre-de-oro-en-la-puna-la-policia-provincial-avanza-a-rostro-tapado-sobre-el-sangriento-limite-diaguita-en-penas-negras\/","title":{"rendered":"\u201cFiebre de Oro en La Puna\u201d: La Polic\u00eda Provincial Avanza a Rostro Tapado sobre el Sangriento L\u00edmite Diaguita en Pe\u00f1as Negras."},"content":{"rendered":"\n<h6 class=\"wp-block-heading\">El conflicto en la Reserva de Biosfera Laguna Blanca de Catamarca, gira en torno a la actividad minera y la defensa del territorio por parte de las comunidades ind\u00edgenas diaguitas. Comunidades originarias, como la de Pe\u00f1as Negras y Laguna Blanca, denuncian que empresas mineras realizan tareas de exploraci\u00f3n y avance sin la debida consulta previa, libre e informada que exigen las leyes nacionales e internacionales. La zona posee doble estatus de protecci\u00f3n (Reserva de Biosfera por la UNESCO y Sitio Ramsar por sus humedales de altura), lo que genera un choque directo entre los planes de desarrollo minero del gobierno provincial y la preservaci\u00f3n del agua y los ecosistemas. Pobladores locales y asambleas denuncian persecuci\u00f3n institucional y presencia policial para facilitar el ingreso de veh\u00edculos mineros, mientras las familias locales reclaman la soberan\u00eda sobre sus recursos ancestrales y el cuidado de la vicu\u00f1a<\/h6>\n\n\n<div class=\"wp-block-image\">\n<figure class=\"aligncenter size-full is-resized\"><img loading=\"lazy\" decoding=\"async\" width=\"409\" height=\"402\" src=\"https:\/\/agendadelsur.com\/wp-content\/uploads\/2026\/09\/lb-ii.jpg\" alt=\"\" class=\"wp-image-66314\" style=\"aspect-ratio:1.0174136121584327;width:499px;height:auto\" srcset=\"https:\/\/agendadelsur.com\/wp-content\/uploads\/2026\/09\/lb-ii.jpg 409w, https:\/\/agendadelsur.com\/wp-content\/uploads\/2026\/09\/lb-ii-300x295.jpg 300w\" sizes=\"auto, (max-width: 409px) 100vw, 409px\" \/><figcaption class=\"wp-element-caption\"><em>Reserva de Biosfera Laguna Blanca en Catamarca<\/em><\/figcaption><\/figure>\n<\/div>\n\n\n<p class=\"wp-block-paragraph\">Compromiso Ambiental Cafayate, la Organizaci\u00f3n para la conservaci\u00f3n del medioambiente local, fij\u00f3 su posici\u00f3n.<\/p>\n\n\n\n<h5 class=\"wp-block-heading has-text-color has-link-color wp-elements-21c1be1ed354f87952b05de7469d2c0b\" style=\"color:#ff0000\">\u201cFiebre de Oro en La Puna\u201d: La Polic\u00eda Provincial Avanza a Rostro Tapado sobre el Sangriento L\u00edmite Diaguita en Pe\u00f1as Negras<\/h5>\n\n\n\n<p class=\"wp-block-paragraph\">Balas de goma contra un Consejo de Ancianos, un cacique cazado a la madrugada por la polic\u00eda y corporaciones extranjeras que operan a espaldas de la Constituci\u00f3n Nacional. En las altas cumbres de Catamarca, la Reserva de Biosfera Laguna Blanca se ti\u00f1e de conflicto: mientras el gobierno provincial remata los cerros a cambio de regal\u00edas y la firma Elevado Gold S.A. denuncia &#8220;ataques con hondas&#8221;, treinta familias resisten a m\u00e1s de 3.500 metros de altura en defensa del agua que sostiene su vida ancestral. Una cr\u00f3nica cruda sobre un territorio que no se vende porque, simplemente, es su casa.<\/p>\n\n\n\n<p class=\"wp-block-paragraph\">El silencio ensordecedor de la Puna catamarque\u00f1a volvi\u00f3 a romperse bajo el rugido de motores de tracci\u00f3n integral y el estruendo de los cartuchos de la polic\u00eda provincial. En el extremo norte del departamento de Bel\u00e9n, en un rinc\u00f3n geogr\u00e1fico donde el mapa tur\u00edstico se disuelve a 200 kil\u00f3metros de la localidad m\u00e1s cercana, la Comunidad Ind\u00edgena de Pe\u00f1as Negras se encuentra en estado de guerra territorial latente.<\/p>\n\n\n\n<p class=\"wp-block-paragraph\">No es una exageraci\u00f3n period\u00edstica; es el pulso diario de una comunidad diaguita que ha declarado la asamblea permanente ante lo que catalogan como un avance ilegal y clandestino sobre sus pastoreos originarios. El objetivo en disputa es el Cerro Alto de Salle, un gigante de roca que la empresa Elevado Gold S.A. (y la operadora Amalaya S.A.) pretende perforar bajo el nombre de proyecto aur\u00edfero y cupr\u00edfero Alto El Mulato.<\/p>\n\n\n\n<p class=\"wp-block-paragraph\">La Ra\u00edz Ancestral: El Derecho Originario frente al Enga\u00f1o Penal\u00a0\u00a0\u00a0\u00a0\u00a0\u00a0\u00a0\u00a0\u00a0\u00a0\u00a0\u00a0\u00a0\u00a0\u00a0\u00a0\u00a0\u00a0\u00a0\u00a0\u00a0\u00a0\u00a0\u00a0\u00a0\u00a0\u00a0\u00a0\u00a0\u00a0\u00a0\u00a0\u00a0\u00a0\u00a0\u00a0\u00a0\u00a0\u00a0\u00a0\u00a0\u00a0\u00a0\u00a0\u00a0\u00a0\u00a0\u00a0\u00a0\u00a0\u00a0\u00a0\u00a0\u00a0\u00a0\u00a0\u00a0\u00a0\u00a0\u00a0\u00a0\u00a0\u00a0\u00a0\u00a0\u00a0\u00a0\u00a0\u00a0\u00a0\u00a0\u00a0\u00a0\u00a0\u00a0                            Para las treinta familias que habitan Pe\u00f1as Negras, el suelo que pisan no es un impedimento contable ni un conjunto de coordenadas vac\u00edas listas para el cateo minero. &#8220;Nuestro territorio es lugar de pastoreo ancestral, de aguadas, de sitios sagrados y de vida comunitaria. No es un desierto, es nuestra casa&#8221;, repiten con la firmeza de quien defiende su propia existencia. Su escudo legal es claro: el art\u00edculo 75, inciso 17 de la Constituci\u00f3n Nacional, complementado por el Convenio 169 de la OIT. Ambas normativas exigen al Estado la aplicaci\u00f3n de la Consulta Previa, Libre e Informada (CPLI) antes de autorizar cualquier movimiento extractivo. La comunidad denuncia que esta consulta jam\u00e1s existi\u00f3.<\/p>\n\n\n\n<p class=\"wp-block-paragraph\">La memoria social de la zona est\u00e1 marcada a fuego por la violencia institucional. Los comuneros recuerdan con indignaci\u00f3n la brutal represi\u00f3n policial de abril de 2024, cuando la Infanter\u00eda provincial ingres\u00f3 al territorio disparando balas de goma y destruyendo corrales comunitarios con el \u00fanico fin de escoltar los veh\u00edculos de la minera. En aquel episodio, F\u00e9lix Escalante, un miembro del Consejo de Ancianos de m\u00e1s de 80 a\u00f1os, termin\u00f3 ensangrentado por los impactos de los proyectiles. La herida social se profundiz\u00f3 semanas despu\u00e9s, cuando el cacique de la comunidad, Sebasti\u00e1n Guti\u00e9rrez, fue sacado de su casa a las apuradas en horas de la madrugada en un operativo expr\u00e9s, tras una denuncia penal por &#8220;amenazas&#8221; efectuada por la propia minera. Las abogadas defensoras de la comunidad denuncian una alarmante asimetr\u00eda judicial: mientras la fiscal\u00eda criminaliza velozmente a las autoridades ind\u00edgenas, archiva o ignora las denuncias previas de la comunidad por usurpaci\u00f3n e intrusi\u00f3n territorial sin consulta.<\/p>\n\n\n\n<p class=\"wp-block-paragraph\">El Alerta Ambiental: La Sed de Oro en la Reserva de Biosfera\u00a0\u00a0\u00a0\u00a0\u00a0\u00a0\u00a0\u00a0\u00a0\u00a0\u00a0\u00a0\u00a0\u00a0\u00a0\u00a0\u00a0\u00a0\u00a0\u00a0\u00a0\u00a0\u00a0\u00a0\u00a0\u00a0\u00a0\u00a0\u00a0\u00a0\u00a0\u00a0\u00a0\u00a0\u00a0\u00a0\u00a0\u00a0\u00a0\u00a0\u00a0\u00a0\u00a0\u00a0\u00a0\u00a0\u00a0\u00a0\u00a0\u00a0\u00a0\u00a0\u00a0\u00a0\u00a0\u00a0\u00a0\u00a0\u00a0\u00a0\u00a0\u00a0\u00a0\u00a0\u00a0\u00a0\u00a0\u00a0\u00a0\u00a0                                Desde la perspectiva ecol\u00f3gica, el conflicto adquiere dimensiones cr\u00edticas. Las zonas de exploraci\u00f3n minera se ubican dentro de los m\u00e1rgenes de la Reserva de Biosfera Laguna Blanca, un ecosistema de alta monta\u00f1a caracterizado por su extrema fragilidad h\u00eddrica. El agua en la Puna es un recurso escaso y vital; cualquier alteraci\u00f3n en las cuencas superiores puede desatar cat\u00e1strofes aguas abajo. &#8220;Nosotros no somos due\u00f1os de la tierra, somos parte de ella. Si rompen el cerro arriba, nos secan el agua abajo&#8221;, sentenci\u00f3 el cacique Guti\u00e9rrez, resumiendo el balance h\u00eddrico de la regi\u00f3n.<\/p>\n\n\n\n<p class=\"wp-block-paragraph\">Asambleas socioambientales denuncian que el Ministerio de Miner\u00eda de Catamarca opera violando flagrantemente la Ley General del Ambiente, ignorando el principio de prevenci\u00f3n y el de precauci\u00f3n. La provincia ha otorgado pr\u00f3rrogas y permisos evaluando informes de impacto ambiental de forma totalmente aislada y fragmentada. Con esta maniobra, el gobierno desoye el hist\u00f3rico fallo &#8220;Guiti\u00e1n&#8221; de la Corte de Justicia catamarque\u00f1a, el cual dictamina taxativamente que no se pueden autorizar proyectos mineros en la regi\u00f3n sin antes realizar estudios de impacto integrales, acumulativos y sist\u00e9micos sobre las cuencas de agua compartidas. Para la comunidad, perforar el cerro sin estos estudios equivale a firmar el acta de defunci\u00f3n de su ganader\u00eda de subsistencia.<\/p>\n\n\n\n<p class=\"wp-block-paragraph\">Tres Posturas, Un Territorio Irreconciliable\u00a0\u00a0\u00a0\u00a0\u00a0\u00a0\u00a0\u00a0\u00a0\u00a0\u00a0\u00a0\u00a0\u00a0\u00a0\u00a0\u00a0\u00a0\u00a0\u00a0\u00a0\u00a0\u00a0\u00a0\u00a0\u00a0\u00a0\u00a0\u00a0\u00a0\u00a0\u00a0\u00a0\u00a0\u00a0\u00a0\u00a0\u00a0\u00a0\u00a0\u00a0\u00a0\u00a0\u00a0\u00a0\u00a0\u00a0\u00a0\u00a0\u00a0\u00a0\u00a0\u00a0\u00a0\u00a0\u00a0\u00a0\u00a0\u00a0\u00a0\u00a0\u00a0\u00a0\u00a0\u00a0\u00a0\u00a0\u00a0\u00a0\u00a0\u00a0\u00a0\u00a0\u00a0\u00a0\u00a0\u00a0\u00a0\u00a0\u00a0\u00a0\u00a0\u00a0\u00a0\u00a0\u00a0\u00a0\u00a0\u00a0\u00a0\u00a0\u00a0\u00a0\u00a0\u00a0\u00a0\u00a0\u00a0\u00a0\u00a0\u00a0\u00a0\u00a0\u00a0\u00a0\u00a0\u00a0\u00a0\u00a0\u00a0\u00a0                            El Pueblo Diaguita (Pe\u00f1as Negras): Resistencia absoluta. Sostienen que no hay licencia social ni legal para que Elevado Gold S.A. opere en sus tierras ancestrales. Exigen la nulidad de las resoluciones del Ministerio de Miner\u00eda, el cese del hostigamiento policial y el retiro inmediato y definitivo de toda la maquinaria pesada del per\u00edmetro comunitario. Su postura es innegociable: defender\u00e1n los cerros con sus propios cuerpos si es necesario.<\/p>\n\n\n\n<p class=\"wp-block-paragraph\">La Empresa (Elevado Gold S.A.): Legitimidad comercial. La corporaci\u00f3n minera afirma contar con los derechos, permisos administrativos y pr\u00f3rrogas vigentes emitidas de manera oficial por la Direcci\u00f3n de Miner\u00eda provincial. Aseguran que sus actividades generan puestos de empleo genuino para los parajes vecinos (como Aguas Calientes) y denuncian que sus operarios han sufrido ataques violentos con piedras y hondas por parte de un &#8220;sector radicalizado&#8221; de Pe\u00f1as Negras, lo que atenta contra su derecho a trabajar y desarrollar el potencial minero del \u00e1rea.<\/p>\n\n\n\n<p class=\"wp-block-paragraph\">La Provincia (Gobierno de Catamarca): Alianza extractivista. Bajo la administraci\u00f3n del gobernador Ra\u00fal Jalil, el Estado provincial ha asumido una postura netamente desarrollista, donde la miner\u00eda es considerada el motor econ\u00f3mico indiscutible de la regi\u00f3n. El gobierno utiliza a las fuerzas de seguridad p\u00fablica como una guardia privada para escoltar a la minera y garantizar sus operaciones. Mientras en la Legislatura provincial se avanza a paso firme con la transformaci\u00f3n de la empresa estatal CAMYEN en una Sociedad An\u00f3nima Unipersonal para agilizar los negocios mineros, el Ejecutivo esquiva sistem\u00e1ticamente la conformaci\u00f3n de mesas de di\u00e1logo que incluyan un protocolo real de Consulta Previa con las autoridades tradicionales de la Puna.<\/p>\n\n\n\n<p class=\"wp-block-paragraph\">La Monta\u00f1a en Asamblea Permanente\u00a0\u00a0                               \u00a0\u00a0\u00a0\u00a0\u00a0\u00a0\u00a0\u00a0\u00a0\u00a0\u00a0\u00a0\u00a0\u00a0\u00a0\u00a0\u00a0\u00a0\u00a0\u00a0\u00a0\u00a0\u00a0\u00a0\u00a0\u00a0\u00a0\u00a0\u00a0\u00a0\u00a0\u00a0\u00a0\u00a0\u00a0\u00a0\u00a0\u00a0\u00a0\u00a0\u00a0\u00a0\u00a0\u00a0\u00a0\u00a0\u00a0\u00a0\u00a0\u00a0\u00a0\u00a0\u00a0\u00a0\u00a0\u00a0\u00a0\u00a0\u00a0\u00a0\u00a0\u00a0\u00a0\u00a0\u00a0\u00a0\u00a0\u00a0\u00a0\u00a0\u00a0\u00a0\u00a0\u00a0\u00a0\u00a0\u00a0\u00a0\u00a0\u00a0\u00a0\u00a0\u00a0\u00a0\u00a0\u00a0\u00a0\u00a0\u00a0\u00a0\u00a0\u00a0\u00a0\u00a0\u00a0\u00a0\u00a0\u00a0\u00a0\u00a0\u00a0\u00a0\u00a0\u00a0\u00a0\u00a0\u00a0\u00a0\u00a0\u00a0\u00a0\u00a0 El conflicto en Pe\u00f1as Negras no es un hecho aislado, sino la punta de lanza de un modelo de expoliaci\u00f3n territorial que se replica en el norte argentino. En una Puna interconectada por vegas y lazos comunitarios, Pe\u00f1as Negras ya ha convocado formalmente a los pueblos hermanos de Laguna Blanca, Corral Blanco, Aguas Calientes y Antofalla para resistir en bloque.<\/p>\n\n\n\n<p class=\"wp-block-paragraph\">Mientras las camionetas mineras insisten en avanzar y las fuerzas policiales mantienen cubiertos sus rostros tras los escudos, las familias diaguitas contin\u00faan apostadas en los cerros. Saben que lo que se juega en los pr\u00f3ximos meses en el Alto El Mulato no es el porcentaje de una regal\u00eda minera, sino la supervivencia misma de su memoria, su agua y su legado ancestral.<\/p>\n\n\n<div class=\"wp-block-image\">\n<figure class=\"aligncenter size-full is-resized\"><img loading=\"lazy\" decoding=\"async\" width=\"620\" height=\"324\" src=\"https:\/\/agendadelsur.com\/wp-content\/uploads\/2026\/09\/Toda-la-Informacion-Necesaria-de-Avellaneda-de-Toda-la-Region-y-Mas\u2026-1.png\" alt=\"\" class=\"wp-image-66301\" style=\"aspect-ratio:1.9136725343621894;width:538px;height:auto\" srcset=\"https:\/\/agendadelsur.com\/wp-content\/uploads\/2026\/09\/Toda-la-Informacion-Necesaria-de-Avellaneda-de-Toda-la-Region-y-Mas\u2026-1.png 620w, https:\/\/agendadelsur.com\/wp-content\/uploads\/2026\/09\/Toda-la-Informacion-Necesaria-de-Avellaneda-de-Toda-la-Region-y-Mas\u2026-1-300x157.png 300w\" sizes=\"auto, (max-width: 620px) 100vw, 620px\" \/><\/figure>\n<\/div>","protected":false},"excerpt":{"rendered":"<p>El conflicto en la Reserva de Biosfera Laguna Blanca de Catamarca, gira en torno a la actividad minera y la defensa del territorio por parte de las comunidades ind\u00edgenas diaguitas. Comunidades originarias, como la de Pe\u00f1as Negras y Laguna Blanca, denuncian que empresas mineras realizan tareas de exploraci\u00f3n y avance sin la debida consulta previa, [&hellip;]<\/p>\n","protected":false},"author":2,"featured_media":66313,"comment_status":"closed","ping_status":"open","sticky":false,"template":"","format":"standard","meta":{"_jetpack_newsletter_access":"","_jetpack_dont_email_post_to_subs":false,"_jetpack_newsletter_tier_id":0,"_jetpack_memberships_contains_paywalled_content":false,"_jetpack_feature_clip_id":0,"_jetpack_memberships_contains_paid_content":false,"footnotes":"","jetpack_post_was_ever_published":false},"categories":[6901],"tags":[18703,18704],"class_list":["post-66312","post","type-post","status-publish","format-standard","has-post-thumbnail","hentry","category-catamarca","tag-fiebre-de-oro-en-la-puna","tag-laguna-blanca-de-catamarca"],"jetpack_sharing_enabled":true,"jetpack_featured_media_url":"https:\/\/agendadelsur.com\/wp-content\/uploads\/2026\/09\/cafa.jpg","_links":{"self":[{"href":"https:\/\/agendadelsur.com\/index.php\/wp-json\/wp\/v2\/posts\/66312","targetHints":{"allow":["GET"]}}],"collection":[{"href":"https:\/\/agendadelsur.com\/index.php\/wp-json\/wp\/v2\/posts"}],"about":[{"href":"https:\/\/agendadelsur.com\/index.php\/wp-json\/wp\/v2\/types\/post"}],"author":[{"embeddable":true,"href":"https:\/\/agendadelsur.com\/index.php\/wp-json\/wp\/v2\/users\/2"}],"replies":[{"embeddable":true,"href":"https:\/\/agendadelsur.com\/index.php\/wp-json\/wp\/v2\/comments?post=66312"}],"version-history":[{"count":1,"href":"https:\/\/agendadelsur.com\/index.php\/wp-json\/wp\/v2\/posts\/66312\/revisions"}],"predecessor-version":[{"id":66315,"href":"https:\/\/agendadelsur.com\/index.php\/wp-json\/wp\/v2\/posts\/66312\/revisions\/66315"}],"wp:featuredmedia":[{"embeddable":true,"href":"https:\/\/agendadelsur.com\/index.php\/wp-json\/wp\/v2\/media\/66313"}],"wp:attachment":[{"href":"https:\/\/agendadelsur.com\/index.php\/wp-json\/wp\/v2\/media?parent=66312"}],"wp:term":[{"taxonomy":"category","embeddable":true,"href":"https:\/\/agendadelsur.com\/index.php\/wp-json\/wp\/v2\/categories?post=66312"},{"taxonomy":"post_tag","embeddable":true,"href":"https:\/\/agendadelsur.com\/index.php\/wp-json\/wp\/v2\/tags?post=66312"}],"curies":[{"name":"wp","href":"https:\/\/api.w.org\/{rel}","templated":true}]}}