{"id":6731,"date":"2021-04-03T03:15:51","date_gmt":"2021-04-03T06:15:51","guid":{"rendered":"https:\/\/agendadelsur.com\/?p=6731"},"modified":"2021-04-03T03:15:51","modified_gmt":"2021-04-03T06:15:51","slug":"the-washington-post-destaca-potencial-de-vacunas-anticovid-19-de-cuba","status":"publish","type":"post","link":"https:\/\/agendadelsur.com\/index.php\/2021\/04\/03\/the-washington-post-destaca-potencial-de-vacunas-anticovid-19-de-cuba\/","title":{"rendered":"The Washington Post destaca potencial de vacunas anticovid-19 de Cuba"},"content":{"rendered":"\n<p>&nbsp;El diario estadounidense The Washington Post destaca las potencialidades que tiene hoy Cuba para producir sus propias vacunas contra la Covid-19, inmunizar con ellas a la poblaci\u00f3n de la isla y distribuir dosis a otras naciones.<\/p>\n\n\n\n<p>De acuerdo con el reporte de ese medio, Cuba podr\u00eda convertirse en el pa\u00eds m\u00e1s peque\u00f1o del mundo en desarrollar &#8216;no solo una, sino m\u00faltiples vacunas contra el coronavirus&#8217;.<\/p>\n\n\n\n<p>Actualmente, detalla esa publicaci\u00f3n norteamericana, se desarrollan cinco candidatos vacunales cubanos, y dos ya se encuentran en la \u00faltima fase de los ensayos cl\u00ednicos, con el objetivo de una implementaci\u00f3n m\u00e1s amplia para mayo.<\/p>\n\n\n\n<p>Si demuestran su \u00e9xito, a\u00f1ade, las vacunas ser\u00edan una proeza de destreza m\u00e9dica, adem\u00e1s de que se espera que esas dosis sean m\u00e1s baratas que las actuales disponibles en el mercado y m\u00e1s f\u00e1ciles de almacenar, sin requerir bajas temperaturas.<\/p>\n\n\n\n<p>Esto las convierte en una opci\u00f3n viable para los pa\u00edses tropicales de bajos ingresos que han sido dejados atr\u00e1s por naciones grandes y ricas en la carrera por conseguir el f\u00e1rmaco.<\/p>\n\n\n\n<p>The Washington Post tambi\u00e9n se\u00f1ala que Cuba podr\u00eda estar entre las primeras naciones del mundo en alcanzar la inmunidad colectiva, poni\u00e9ndola en posici\u00f3n de atraer turistas nuevamente y exportar dosis a otros lugares.<\/p>\n\n\n\n<p>De acuerdo con el rotativo, las inversiones en educaci\u00f3n y atenci\u00f3n m\u00e9dica &#8216;plantaron la semilla de lo que hoy es un aparato biotecnol\u00f3gico inusualmente sofisticado para un peque\u00f1o pa\u00eds en desarrollo, con al menos 31 empresas de investigaci\u00f3n y 62 f\u00e1bricas con m\u00e1s de 20 mil trabajadores&#8217;.<\/p>\n\n\n\n<p>Cuba produce ocho de las 11 vacunas exigidas a nivel nacional y las exporta a m\u00e1s de 30 naciones, subraya el diario.<\/p>\n\n\n\n<p>Si las vacunas cubanas tienen \u00e9xito, indica ese medio, los investigadores de la isla habr\u00e1n superado m\u00e1s obst\u00e1culos que sus pares en laboratorios occidentales pues la mayor de las Antillas enfrenta una escasez de equipos, repuestos y otros suministros debido a sanciones de Estados Unidos.<\/p>\n\n\n\n<p>Asimismo, agrega, atraviesan muchas dificultades para adquirir insumos y equipamiento a ra\u00edz de esas medidas restrictivas.<\/p>\n\n\n\n<p>&#8216;Tener una poblaci\u00f3n casi completamente vacunada y ofrecer dosis a los visitantes extranjeros tambi\u00e9n podr\u00eda ayudar a Cuba a compensar una ca\u00edda dram\u00e1tica en los ingresos por turismo durante la pandemia&#8217;, se\u00f1ala.<\/p>\n\n\n\n<p>Seg\u00fan el art\u00edculo publicado la v\u00edspera en The Washington Post, un triunfo de las vacunas de Cuba podr\u00eda elevar a\u00fan m\u00e1s la influencia diplom\u00e1tica de La Habana, generando buena voluntad con las naciones que reciben sus dosis.<\/p>\n\n\n\n<p>Prensa Latina\/msm\/ifb<\/p>\n","protected":false},"excerpt":{"rendered":"<p>&nbsp;El diario estadounidense The Washington Post destaca las potencialidades que tiene hoy Cuba para producir sus propias vacunas contra la Covid-19, inmunizar con ellas a la poblaci\u00f3n de la isla y distribuir dosis a otras naciones. De acuerdo con el reporte de ese medio, Cuba podr\u00eda convertirse en el pa\u00eds m\u00e1s peque\u00f1o del mundo en [&hellip;]<\/p>\n","protected":false},"author":2,"featured_media":6732,"comment_status":"closed","ping_status":"open","sticky":false,"template":"","format":"standard","meta":{"footnotes":""},"categories":[576],"tags":[],"_links":{"self":[{"href":"https:\/\/agendadelsur.com\/index.php\/wp-json\/wp\/v2\/posts\/6731"}],"collection":[{"href":"https:\/\/agendadelsur.com\/index.php\/wp-json\/wp\/v2\/posts"}],"about":[{"href":"https:\/\/agendadelsur.com\/index.php\/wp-json\/wp\/v2\/types\/post"}],"author":[{"embeddable":true,"href":"https:\/\/agendadelsur.com\/index.php\/wp-json\/wp\/v2\/users\/2"}],"replies":[{"embeddable":true,"href":"https:\/\/agendadelsur.com\/index.php\/wp-json\/wp\/v2\/comments?post=6731"}],"version-history":[{"count":1,"href":"https:\/\/agendadelsur.com\/index.php\/wp-json\/wp\/v2\/posts\/6731\/revisions"}],"predecessor-version":[{"id":6733,"href":"https:\/\/agendadelsur.com\/index.php\/wp-json\/wp\/v2\/posts\/6731\/revisions\/6733"}],"wp:featuredmedia":[{"embeddable":true,"href":"https:\/\/agendadelsur.com\/index.php\/wp-json\/wp\/v2\/media\/6732"}],"wp:attachment":[{"href":"https:\/\/agendadelsur.com\/index.php\/wp-json\/wp\/v2\/media?parent=6731"}],"wp:term":[{"taxonomy":"category","embeddable":true,"href":"https:\/\/agendadelsur.com\/index.php\/wp-json\/wp\/v2\/categories?post=6731"},{"taxonomy":"post_tag","embeddable":true,"href":"https:\/\/agendadelsur.com\/index.php\/wp-json\/wp\/v2\/tags?post=6731"}],"curies":[{"name":"wp","href":"https:\/\/api.w.org\/{rel}","templated":true}]}}