{"id":7369,"date":"2021-04-27T00:37:32","date_gmt":"2021-04-27T03:37:32","guid":{"rendered":"https:\/\/agendadelsur.com\/?p=7369"},"modified":"2021-04-27T00:37:33","modified_gmt":"2021-04-27T03:37:33","slug":"fortalecer-programa-de-capacitacion-en-la-economia-popular","status":"publish","type":"post","link":"https:\/\/agendadelsur.com\/index.php\/2021\/04\/27\/fortalecer-programa-de-capacitacion-en-la-economia-popular\/","title":{"rendered":"Fortalecer: programa de capacitaci\u00f3n en la Econom\u00eda Popular"},"content":{"rendered":"\n<p><strong><em>Cursos y talleres virtuales para fortalecer y acompa\u00f1ar proyectos de la econom\u00eda social y popular mediante el desarrollo de l\u00edneas de asistencia t\u00e9cnica, capacitaci\u00f3n y formaci\u00f3n.<\/em><\/strong><\/p>\n\n\n\n<p>GRATUITOS y con CERTIFICACI\u00d3N.<\/p>\n\n\n\n<ul><li><strong><em>La plataforma de cursos que ofrecemos consta de:<\/em><\/strong><\/li><li><strong><em>Oficios y herramientas pr\u00e1cticas para potenciar el trabajo&nbsp;&nbsp;<\/em><\/strong><\/li><li><strong><em>Asistencia t\u00e9cnica para la econom\u00eda popular y el cooperativismo<\/em><\/strong><\/li><li><strong><em>Formaci\u00f3n&nbsp; sobre&nbsp; econom\u00eda popular y cuidados<\/em><\/strong><\/li><li><strong><em>Redes y trabajo textil en Avellaneda<\/em><\/strong><\/li><\/ul>\n\n\n\n<p>Los m\u00f3dulos tem\u00e1ticos se desarrollar\u00e1n con encuentros semanales en modalidad virtual.<\/p>\n\n\n\n<p>Comienza el 10 de mayo. Inscripci\u00f3n hasta el 3 de mayo ac\u00e1: https:\/\/cutt.ly\/qv5ry1o<\/p>\n","protected":false},"excerpt":{"rendered":"<p>Cursos y talleres virtuales para fortalecer y acompa\u00f1ar proyectos de la econom\u00eda social y popular mediante el desarrollo de l\u00edneas de asistencia t\u00e9cnica, capacitaci\u00f3n y formaci\u00f3n. GRATUITOS y con CERTIFICACI\u00d3N. La plataforma de cursos que ofrecemos consta de: Oficios y herramientas pr\u00e1cticas para potenciar el trabajo&nbsp;&nbsp; Asistencia t\u00e9cnica para la econom\u00eda popular y el cooperativismo [&hellip;]<\/p>\n","protected":false},"author":2,"featured_media":7370,"comment_status":"closed","ping_status":"open","sticky":false,"template":"","format":"standard","meta":{"footnotes":""},"categories":[4],"tags":[2008],"_links":{"self":[{"href":"https:\/\/agendadelsur.com\/index.php\/wp-json\/wp\/v2\/posts\/7369"}],"collection":[{"href":"https:\/\/agendadelsur.com\/index.php\/wp-json\/wp\/v2\/posts"}],"about":[{"href":"https:\/\/agendadelsur.com\/index.php\/wp-json\/wp\/v2\/types\/post"}],"author":[{"embeddable":true,"href":"https:\/\/agendadelsur.com\/index.php\/wp-json\/wp\/v2\/users\/2"}],"replies":[{"embeddable":true,"href":"https:\/\/agendadelsur.com\/index.php\/wp-json\/wp\/v2\/comments?post=7369"}],"version-history":[{"count":1,"href":"https:\/\/agendadelsur.com\/index.php\/wp-json\/wp\/v2\/posts\/7369\/revisions"}],"predecessor-version":[{"id":7371,"href":"https:\/\/agendadelsur.com\/index.php\/wp-json\/wp\/v2\/posts\/7369\/revisions\/7371"}],"wp:featuredmedia":[{"embeddable":true,"href":"https:\/\/agendadelsur.com\/index.php\/wp-json\/wp\/v2\/media\/7370"}],"wp:attachment":[{"href":"https:\/\/agendadelsur.com\/index.php\/wp-json\/wp\/v2\/media?parent=7369"}],"wp:term":[{"taxonomy":"category","embeddable":true,"href":"https:\/\/agendadelsur.com\/index.php\/wp-json\/wp\/v2\/categories?post=7369"},{"taxonomy":"post_tag","embeddable":true,"href":"https:\/\/agendadelsur.com\/index.php\/wp-json\/wp\/v2\/tags?post=7369"}],"curies":[{"name":"wp","href":"https:\/\/api.w.org\/{rel}","templated":true}]}}