{"id":7533,"date":"2021-05-04T01:33:56","date_gmt":"2021-05-04T04:33:56","guid":{"rendered":"https:\/\/agendadelsur.com\/?p=7533"},"modified":"2021-05-04T01:35:03","modified_gmt":"2021-05-04T04:35:03","slug":"preinscripcion-virtual-de-docentes","status":"publish","type":"post","link":"https:\/\/agendadelsur.com\/index.php\/2021\/05\/04\/preinscripcion-virtual-de-docentes\/","title":{"rendered":"Preinscripci\u00f3n virtual de docentes"},"content":{"rendered":"\n<p><strong><em>El Municipio de Avellaneda informa que se encuentra abierta la Preinscripci\u00f3n virtual de las y los aspirantes a la docencia al Registro Oficial 2020\/ 2021 (rama INICIAL y PRIMARIA).<\/em><\/strong><\/p>\n\n\n\n<p>\u00a0A partir de este lunes 3 de mayo y hasta el mi\u00e9rcoles 30 de junio.<\/p>\n\n\n\n<p><strong>Requisitos:<\/strong><\/p>\n\n\n\n<p>T\u00edtulo habilitante (o constancia de t\u00edtulo en tr\u00e1mite).<\/p>\n\n\n\n<p>&nbsp;DNI y certificados de cursos, congresos, etc.<\/p>\n\n\n\n<p>&nbsp;Los interesados deber\u00e1n enviar un mail a: preinscripcionoficial.edu.mda@gmail.com<\/p>\n","protected":false},"excerpt":{"rendered":"<p>El Municipio de Avellaneda informa que se encuentra abierta la Preinscripci\u00f3n virtual de las y los aspirantes a la docencia al Registro Oficial 2020\/ 2021 (rama INICIAL y PRIMARIA). \u00a0A partir de este lunes 3 de mayo y hasta el mi\u00e9rcoles 30 de junio. Requisitos: T\u00edtulo habilitante (o constancia de t\u00edtulo en tr\u00e1mite). &nbsp;DNI y [&hellip;]<\/p>\n","protected":false},"author":2,"featured_media":7534,"comment_status":"closed","ping_status":"open","sticky":false,"template":"","format":"standard","meta":{"footnotes":""},"categories":[4],"tags":[2049],"_links":{"self":[{"href":"https:\/\/agendadelsur.com\/index.php\/wp-json\/wp\/v2\/posts\/7533"}],"collection":[{"href":"https:\/\/agendadelsur.com\/index.php\/wp-json\/wp\/v2\/posts"}],"about":[{"href":"https:\/\/agendadelsur.com\/index.php\/wp-json\/wp\/v2\/types\/post"}],"author":[{"embeddable":true,"href":"https:\/\/agendadelsur.com\/index.php\/wp-json\/wp\/v2\/users\/2"}],"replies":[{"embeddable":true,"href":"https:\/\/agendadelsur.com\/index.php\/wp-json\/wp\/v2\/comments?post=7533"}],"version-history":[{"count":2,"href":"https:\/\/agendadelsur.com\/index.php\/wp-json\/wp\/v2\/posts\/7533\/revisions"}],"predecessor-version":[{"id":7536,"href":"https:\/\/agendadelsur.com\/index.php\/wp-json\/wp\/v2\/posts\/7533\/revisions\/7536"}],"wp:featuredmedia":[{"embeddable":true,"href":"https:\/\/agendadelsur.com\/index.php\/wp-json\/wp\/v2\/media\/7534"}],"wp:attachment":[{"href":"https:\/\/agendadelsur.com\/index.php\/wp-json\/wp\/v2\/media?parent=7533"}],"wp:term":[{"taxonomy":"category","embeddable":true,"href":"https:\/\/agendadelsur.com\/index.php\/wp-json\/wp\/v2\/categories?post=7533"},{"taxonomy":"post_tag","embeddable":true,"href":"https:\/\/agendadelsur.com\/index.php\/wp-json\/wp\/v2\/tags?post=7533"}],"curies":[{"name":"wp","href":"https:\/\/api.w.org\/{rel}","templated":true}]}}