{"id":7649,"date":"2021-05-08T00:30:00","date_gmt":"2021-05-08T03:30:00","guid":{"rendered":"https:\/\/agendadelsur.com\/?p=7649"},"modified":"2021-05-07T21:25:52","modified_gmt":"2021-05-08T00:25:52","slug":"los-padres-no-estan-obligados-a-enviar-a-sus-hijos-a-la-escuela-mientras-dura-el-alerta","status":"publish","type":"post","link":"https:\/\/agendadelsur.com\/index.php\/2021\/05\/08\/los-padres-no-estan-obligados-a-enviar-a-sus-hijos-a-la-escuela-mientras-dura-el-alerta\/","title":{"rendered":"Los padres no est\u00e1n obligados a enviar a sus hijos a la escuela mientras dura el alerta"},"content":{"rendered":"\n<p>Lo resolvi\u00f3 la Justicia en lo Contencioso Administrativo de la Ciudad de Buenos Aires que adem\u00e1s estableci\u00f3 que la administraci\u00f3n porte\u00f1a &#8220;debe adoptar las medidas necesarias a fin de garantizar la escolaridad remota hasta el 21 de mayo&#8221;.<\/p>\n\n\n\n<p>La medida cautelar, presentada por un grupo de padres,ya hab\u00eda sido resuelta a favor de los demandantes el 19 de abril pasado y se hab\u00eda impuesto una multa de 50.000 pesos diarios a la ministra de Educaci\u00f3n, Soledad Acu\u00f1a, por cada d\u00eda de incumplimiento d<\/p>\n\n\n\n<p>La medida cautelar, presentada por un grupo de padres,ya hab\u00eda sido resuelta a favor de los demandantes el 19 de abril pasado y se hab\u00eda impuesto una multa de 50.000 pesos diarios a la ministra de Educaci\u00f3n, Soledad Acu\u00f1a, por cada d\u00eda de incumplimiento d<\/p>\n\n\n\n<p>La Justicia en lo Contencioso Administrativo de la Ciudad de Buenos Aires ratific\u00f3 una medida cautelar para que no se compute faltas o quita de vacantes a los alumnos cuyos padres decidan no enviar a sus hijos a la escuela mientras rija el decreto presidencial que establece el alerta epidemiol\u00f3gico en el AMBA.<\/p>\n\n\n\n<p>El juzgado contencioso administrativo 13 porte\u00f1o estableci\u00f3 adem\u00e1s que la Ciudad de Buenos Aires &#8220;debe adoptar las medidas necesarias a fin de garantizar la escolaridad remota hasta el 21 de mayo&#8221;.<\/p>\n\n\n\n<p>Y le da el plazo de un d\u00eda para que el Gobierno porte\u00f1o comunique a todos los establecimientos educativos esta decisi\u00f3n.<\/p>\n\n\n\n<p>Para tomar esta decisi\u00f3n el juzgado tom\u00f3 en consideraci\u00f3n las recomendaciones del fiscal de fuero y de la asesora tutelar quienes destacan el &#8220;&#8221;estado de incertidumbre&#8221; de los padres ante diversas normativas contrapuestas.<\/p>\n\n\n\n<p>La medida cautelar, presentada por un grupo de padres,ya hab\u00eda sido resuelta a favor de los demandantes el 19 de abril pasado y se hab\u00eda impuesto una multa de 50.000 pesos diarios a la ministra de Educaci\u00f3n, Soledad Acu\u00f1a, por cada d\u00eda de incumplimiento del fallo.<\/p>\n\n\n\n<p>Pero ante la apelaci\u00f3n del gobierno porte\u00f1o, tanto el fiscal como la asesora tutelar destacaron que ante la existencia de otro DNU que robustece el que venci\u00f3 el 30 de abril pasado y que establece a la Ciudad de Buenos Aires, como parte del AMBA, en zona de alerta epidemiol\u00f3gico aconsejan al juez hacer lugar a la cautelar.<\/p>\n\n\n\n<p>El fiscal Patricio Urresti, citado en el fallo, asegur\u00f3 que existe un conflicto normativo -entre el DNU presidencial, la resoluci\u00f3n del gobierno porte\u00f1o y el fallo de la Corte Suprema-, que &#8220;trasciende su esfera jur\u00eddica e impacta directamente en la vida diaria de las\/os porte\u00f1a\/os que tienen a su cargo ni\u00f1as\/os en edad escolar&#8221;.<\/p>\n\n\n\n<p>Indic\u00f3 que algunos de esos padres &#8220;se ven obligados, con gran miedo y desconcierto, a acatar una norma local contraria a otra federal&#8221;.<\/p>\n\n\n\n<p>El fiscal destaca que existen &#8220;decisiones cruzadas entre \u00f3rganos de distintos niveles&#8221; y que &#8220;en el medio de este cuadro de polarizaci\u00f3n extrema se encuentra la comunidad educativa y la incertidumbre respecto del camino a seguir&#8221; por lo que recomend\u00f3 adoptar &#8220;decisiones prudentes&#8221;.<\/p>\n\n\n\n<p>Fuente: T\u00e9lam<\/p>\n","protected":false},"excerpt":{"rendered":"<p>Lo resolvi\u00f3 la Justicia en lo Contencioso Administrativo de la Ciudad de Buenos Aires que adem\u00e1s estableci\u00f3 que la administraci\u00f3n porte\u00f1a &#8220;debe adoptar las medidas necesarias a fin de garantizar la escolaridad remota hasta el 21 de mayo&#8221;. La medida cautelar, presentada por un grupo de padres,ya hab\u00eda sido resuelta a favor de los demandantes [&hellip;]<\/p>\n","protected":false},"author":2,"featured_media":0,"comment_status":"closed","ping_status":"open","sticky":false,"template":"","format":"standard","meta":{"footnotes":""},"categories":[926],"tags":[],"_links":{"self":[{"href":"https:\/\/agendadelsur.com\/index.php\/wp-json\/wp\/v2\/posts\/7649"}],"collection":[{"href":"https:\/\/agendadelsur.com\/index.php\/wp-json\/wp\/v2\/posts"}],"about":[{"href":"https:\/\/agendadelsur.com\/index.php\/wp-json\/wp\/v2\/types\/post"}],"author":[{"embeddable":true,"href":"https:\/\/agendadelsur.com\/index.php\/wp-json\/wp\/v2\/users\/2"}],"replies":[{"embeddable":true,"href":"https:\/\/agendadelsur.com\/index.php\/wp-json\/wp\/v2\/comments?post=7649"}],"version-history":[{"count":1,"href":"https:\/\/agendadelsur.com\/index.php\/wp-json\/wp\/v2\/posts\/7649\/revisions"}],"predecessor-version":[{"id":7651,"href":"https:\/\/agendadelsur.com\/index.php\/wp-json\/wp\/v2\/posts\/7649\/revisions\/7651"}],"wp:attachment":[{"href":"https:\/\/agendadelsur.com\/index.php\/wp-json\/wp\/v2\/media?parent=7649"}],"wp:term":[{"taxonomy":"category","embeddable":true,"href":"https:\/\/agendadelsur.com\/index.php\/wp-json\/wp\/v2\/categories?post=7649"},{"taxonomy":"post_tag","embeddable":true,"href":"https:\/\/agendadelsur.com\/index.php\/wp-json\/wp\/v2\/tags?post=7649"}],"curies":[{"name":"wp","href":"https:\/\/api.w.org\/{rel}","templated":true}]}}