{"id":7689,"date":"2021-05-10T19:35:01","date_gmt":"2021-05-10T22:35:01","guid":{"rendered":"https:\/\/agendadelsur.com\/?p=7689"},"modified":"2021-05-10T19:35:02","modified_gmt":"2021-05-10T22:35:02","slug":"un-equipo-de-mujeres-realizo-una-cirugia-de-alta-complejidad-en-el-hospital-el-cruce","status":"publish","type":"post","link":"https:\/\/agendadelsur.com\/index.php\/2021\/05\/10\/un-equipo-de-mujeres-realizo-una-cirugia-de-alta-complejidad-en-el-hospital-el-cruce\/","title":{"rendered":"Un equipo de mujeres realiz\u00f3 una cirug\u00eda de alta complejidad en el Hospital El Cruce"},"content":{"rendered":"\n<p><strong><em>La intervenci\u00f3n se la llev\u00f3 a cabo que en el Hospital El Cruce N\u00e9stor Kirchner de Florencio Varela <\/em><\/strong><strong><em>por el equipo m\u00e9dico de \u201corbita y oculoplastia\u201d, que es el primero en los hospitales p\u00fablicos de la provincia de Buenos Aires.<\/em><\/strong><\/p>\n\n\n\n<p><strong><em>Las mujeres profesionales atendieron a un hombre que ten\u00eda un tumor en su rostro. Se lo extrajeron y le reconstruyeron parte de la cara y hoy est\u00e1 curado.<\/em><\/strong><\/p>\n\n\n\n<p><strong><em>El equipo estuvo integrado por la Dra. Mar\u00eda Laura Carballo, cirujana pl\u00e1stica; las oftalm\u00f3logas Mar\u00eda Florencia Montefinal Ins\u00faa y Mar\u00eda Paula Albina de Rueda y las instrumentadoras Silvina Medina y Romina Berm\u00fadez.<\/em><\/strong><\/p>\n\n\n\n<p>C\u00e9sar lleg\u00f3 tiene 41 a\u00f1os, es de Avellaneda, hac\u00eda a\u00f1os que padec\u00eda la enfermedad y hab\u00eda recorrido varias instituciones de salud hasta que lleg\u00f3 al HEC.<\/p>\n\n\n\n<div class=\"wp-block-image\"><figure class=\"aligncenter size-large is-resized\"><img loading=\"lazy\" decoding=\"async\" src=\"https:\/\/agendadelsur.com\/wp-content\/uploads\/2021\/05\/185217505_3644405012336502_4361999362621988656_n.jpg\" alt=\"\" class=\"wp-image-7691\" width=\"641\" height=\"433\" srcset=\"https:\/\/agendadelsur.com\/wp-content\/uploads\/2021\/05\/185217505_3644405012336502_4361999362621988656_n.jpg 400w, https:\/\/agendadelsur.com\/wp-content\/uploads\/2021\/05\/185217505_3644405012336502_4361999362621988656_n-300x203.jpg 300w\" sizes=\"(max-width: 641px) 100vw, 641px\" \/><\/figure><\/div>\n\n\n\n<p>La historia de C\u00e9sar comenz\u00f3 en medio de la pandemia en el mes de abril del 2020. &nbsp;<\/p>\n\n\n\n<p>\u201cUna ma\u00f1ana veo que ten\u00eda un bultito en la cara me lo toc\u00f3 y empieza a sangrar. Pasan los d\u00edas y no cicatrizaba. Entonces fui al hospital de Avellaneda y nada, me atendieron pero no encontraban la soluci\u00f3n\u201d, as\u00ed recuerda C\u00e9sar su peregrinaci\u00f3n. Transit\u00f3 por varias instituciones de salud durante m\u00e1s de un a\u00f1o hasta que fue derivado al hospital El Cruce. Para ese momento el bulto hab\u00eda crecido y le produc\u00eda molestias en su ojo izquierdo. Ten\u00eda una vida social muy limitada porque a donde iba ten\u00eda que cubrirse la mitad de la cara con una venda. Ten\u00eda dificultades para parpadear.<\/p>\n\n\n\n<p>Lleg\u00f3 al HEC y fue el equipo de \u201corbita y oculoplastia, empez\u00f3 a tratarlo. El mismo es interdisciplinario y est\u00e1 integrado por oftam\u00f3logas y una cirujana pl\u00e1stica.<\/p>\n\n\n\n<p>La Dra. Mar\u00eda Laura Carballo explic\u00f3 la patolog\u00eda del paciente \u201cten\u00eda un epitelioma basocelular, es decir un tumor en el rostro ubicado en el \u00e1ngulo interno del ojo izquierdo. El cual ten\u00eda varios a\u00f1os de evoluci\u00f3n y hab\u00eda pasado por varios especialistas antes y no le hab\u00edan dado soluci\u00f3n. Estaba en buen estado general pero con molestias para ver porque ese tumor estaba creciendo.<\/p>\n\n\n\n<p>Es un tumor muy frecuente y el mayor problema es que invade localmente y destruye los tejidos\u201d. Tambi\u00e9n aclar\u00f3 \u201cque este tipo de tumor es el \u00fanico que no da met\u00e1stasis, pero localmente invade tanto que rompe todo los tejidos y las estructuras vecinas. Por eso hay que sacarlo en este caso iba a destruir todo el macizo facial hab\u00eda que extirparlo porque la cara era donde estaba asentado el tumor\u201d, manifest\u00f3 la Dra. Carballo.<\/p>\n\n\n\n<p>El equipo m\u00e9dico de \u201corbita y oculoplastia\u201d que es el primero en los hospitales p\u00fablicos de la provincia de Buenos Aires y fue el encargado de realizar un nuevo p\u00e1rpado inferior, una reconstrucci\u00f3n de la mejilla y logr\u00f3 extraer el tumor y qued\u00f3 sin ning\u00fan rastro de la enfermedad.<\/p>\n\n\n\n<p>Se trat\u00f3 de una cirug\u00eda de alta complejidad por la cercan\u00eda con el ojo, la v\u00eda lagrimal y porque al estar en la cara la reconstrucci\u00f3n debi\u00f3 ser lo m\u00e1s est\u00e9tica posible.<\/p>\n\n\n\n<p>\u201cSe trabaj\u00f3 en forma multidisciplinaria entre oftalmolog\u00eda y cirug\u00eda pl\u00e1stica. De esta manera se logr\u00f3 sacar el tumor en su totalidad y el resultado est\u00e9tico es muy bueno. Hoy el paciente est\u00e1 curado\u201d, sostuvo la Dra. Carballo del Equipo quir\u00fargico de mujeres.<\/p>\n\n\n\n<p>Fuente: Hospital El Cruce<\/p>\n","protected":false},"excerpt":{"rendered":"<p>La intervenci\u00f3n se la llev\u00f3 a cabo que en el Hospital El Cruce N\u00e9stor Kirchner de Florencio Varela por el equipo m\u00e9dico de \u201corbita y oculoplastia\u201d, que es el primero en los hospitales p\u00fablicos de la provincia de Buenos Aires. Las mujeres profesionales atendieron a un hombre que ten\u00eda un tumor en su rostro. Se [&hellip;]<\/p>\n","protected":false},"author":2,"featured_media":7690,"comment_status":"closed","ping_status":"open","sticky":false,"template":"","format":"standard","meta":{"footnotes":""},"categories":[892,1419],"tags":[2092,2093],"_links":{"self":[{"href":"https:\/\/agendadelsur.com\/index.php\/wp-json\/wp\/v2\/posts\/7689"}],"collection":[{"href":"https:\/\/agendadelsur.com\/index.php\/wp-json\/wp\/v2\/posts"}],"about":[{"href":"https:\/\/agendadelsur.com\/index.php\/wp-json\/wp\/v2\/types\/post"}],"author":[{"embeddable":true,"href":"https:\/\/agendadelsur.com\/index.php\/wp-json\/wp\/v2\/users\/2"}],"replies":[{"embeddable":true,"href":"https:\/\/agendadelsur.com\/index.php\/wp-json\/wp\/v2\/comments?post=7689"}],"version-history":[{"count":1,"href":"https:\/\/agendadelsur.com\/index.php\/wp-json\/wp\/v2\/posts\/7689\/revisions"}],"predecessor-version":[{"id":7692,"href":"https:\/\/agendadelsur.com\/index.php\/wp-json\/wp\/v2\/posts\/7689\/revisions\/7692"}],"wp:featuredmedia":[{"embeddable":true,"href":"https:\/\/agendadelsur.com\/index.php\/wp-json\/wp\/v2\/media\/7690"}],"wp:attachment":[{"href":"https:\/\/agendadelsur.com\/index.php\/wp-json\/wp\/v2\/media?parent=7689"}],"wp:term":[{"taxonomy":"category","embeddable":true,"href":"https:\/\/agendadelsur.com\/index.php\/wp-json\/wp\/v2\/categories?post=7689"},{"taxonomy":"post_tag","embeddable":true,"href":"https:\/\/agendadelsur.com\/index.php\/wp-json\/wp\/v2\/tags?post=7689"}],"curies":[{"name":"wp","href":"https:\/\/api.w.org\/{rel}","templated":true}]}}