{"id":8009,"date":"2021-05-24T18:07:38","date_gmt":"2021-05-24T21:07:38","guid":{"rendered":"https:\/\/agendadelsur.com\/?p=8009"},"modified":"2021-05-24T18:07:39","modified_gmt":"2021-05-24T21:07:39","slug":"100-mil-vacunados-en-avellaneda","status":"publish","type":"post","link":"https:\/\/agendadelsur.com\/index.php\/2021\/05\/24\/100-mil-vacunados-en-avellaneda\/","title":{"rendered":"100 mil vacunados en Avellaneda"},"content":{"rendered":"\n<p><strong><em>Gracias al esfuerzo de la comunidad, los gobiernos de la Naci\u00f3n, la Provincia y el Municipio, avanza exitosamente el plan #VacunatePBA en #Avellaneda.<\/em><\/strong><\/p>\n\n\n\n<p>Con cada aplicaci\u00f3n se renueva la esperanza de los &nbsp;vecinos del distrito y sus familias.<\/p>\n\n\n\n<p>Mientras continua la vacunaci\u00f3n es fundamental seguir siendo responsables y solidarios.<\/p>\n","protected":false},"excerpt":{"rendered":"<p>Gracias al esfuerzo de la comunidad, los gobiernos de la Naci\u00f3n, la Provincia y el Municipio, avanza exitosamente el plan #VacunatePBA en #Avellaneda. Con cada aplicaci\u00f3n se renueva la esperanza de los &nbsp;vecinos del distrito y sus familias. Mientras continua la vacunaci\u00f3n es fundamental seguir siendo responsables y solidarios.<\/p>\n","protected":false},"author":2,"featured_media":8010,"comment_status":"closed","ping_status":"open","sticky":false,"template":"","format":"standard","meta":{"footnotes":""},"categories":[4],"tags":[2195],"_links":{"self":[{"href":"https:\/\/agendadelsur.com\/index.php\/wp-json\/wp\/v2\/posts\/8009"}],"collection":[{"href":"https:\/\/agendadelsur.com\/index.php\/wp-json\/wp\/v2\/posts"}],"about":[{"href":"https:\/\/agendadelsur.com\/index.php\/wp-json\/wp\/v2\/types\/post"}],"author":[{"embeddable":true,"href":"https:\/\/agendadelsur.com\/index.php\/wp-json\/wp\/v2\/users\/2"}],"replies":[{"embeddable":true,"href":"https:\/\/agendadelsur.com\/index.php\/wp-json\/wp\/v2\/comments?post=8009"}],"version-history":[{"count":1,"href":"https:\/\/agendadelsur.com\/index.php\/wp-json\/wp\/v2\/posts\/8009\/revisions"}],"predecessor-version":[{"id":8011,"href":"https:\/\/agendadelsur.com\/index.php\/wp-json\/wp\/v2\/posts\/8009\/revisions\/8011"}],"wp:featuredmedia":[{"embeddable":true,"href":"https:\/\/agendadelsur.com\/index.php\/wp-json\/wp\/v2\/media\/8010"}],"wp:attachment":[{"href":"https:\/\/agendadelsur.com\/index.php\/wp-json\/wp\/v2\/media?parent=8009"}],"wp:term":[{"taxonomy":"category","embeddable":true,"href":"https:\/\/agendadelsur.com\/index.php\/wp-json\/wp\/v2\/categories?post=8009"},{"taxonomy":"post_tag","embeddable":true,"href":"https:\/\/agendadelsur.com\/index.php\/wp-json\/wp\/v2\/tags?post=8009"}],"curies":[{"name":"wp","href":"https:\/\/api.w.org\/{rel}","templated":true}]}}