{"id":8188,"date":"2021-05-31T01:01:24","date_gmt":"2021-05-31T04:01:24","guid":{"rendered":"https:\/\/agendadelsur.com\/?p=8188"},"modified":"2021-05-31T01:02:18","modified_gmt":"2021-05-31T04:02:18","slug":"la-venta-de-maquinaria-agricola-supero-los-25-mil-millones-el-94-de-los-tractores-vendidos-son-de-produccion-nacional","status":"publish","type":"post","link":"https:\/\/agendadelsur.com\/index.php\/2021\/05\/31\/la-venta-de-maquinaria-agricola-supero-los-25-mil-millones-el-94-de-los-tractores-vendidos-son-de-produccion-nacional\/","title":{"rendered":"La venta de maquinaria agr\u00edcola super\u00f3 los $ 25 mil millones. El 94 % de los tractores vendidos son de producci\u00f3n nacional"},"content":{"rendered":"\n<p><strong><em>La facturaci\u00f3n por la venta de maquinaria agr\u00edcola en el primer trimestre del 2021, alcanz\u00f3 los 25.277,9 millones de pesos, lo que significa un 93,4 por ciento m\u00e1s que en el mismo per\u00edodo de 2020, seg\u00fan inform\u00f3 esta semana el Instituto Nacional de Estad\u00edstica y Censos (INDEC).<\/em><\/strong><\/p>\n\n\n\n<p>Los tractores, con 9.738,4 millones de pesos, representaron el nivel m\u00e1s alto de facturaci\u00f3n del trimestre, con una suba del 125, 5 por ciento en comparaci\u00f3n con igual trimestre del a\u00f1o anterior, mientras que la venta de sembradoras, implementos y cosechadoras aument\u00f3 un 230,9%; 91,5% y 20,1%, respectivamente.<\/p>\n\n\n\n<p>Respecto a las unidades vendidas, las sembradoras registraron el mayor incremento respecto a igual trimestre del a\u00f1o anterior, con 67,3 por ciento; los implementos crecieron 29,5 por ciento; y los tractores, 26,8 por ciento.<\/p>\n\n\n\n<p>Asimismo las ventas en unidades que son de producci\u00f3n nacional, en todos los segmentos de maquinaria, registraron un aumento en el primer trimestre de 2021 respecto a igual trimestre del a\u00f1o anterior: los tractores presentaron la mayor suba, con 98,2 por ciento; la cosechadoras subieron 47,4 por ciento; y los implementos, 44,2 por ciento.<\/p>\n\n\n\n<p>Con respecto a la participaci\u00f3n de las unidades de origen nacional en el total de ventas en unidades, en el primer trimestre, los tractores de producci\u00f3n nacional presentan una participaci\u00f3n de 94,4 por ciento; los implementos, de 91,9; y las cosechadoras, de 84,1 por ciento en el total de unidades vendidas de sus respectivos segmentos.<\/p>\n\n\n\n<p>En lo que respecta a la participaci\u00f3n de mercado, los tractores concentraron el 38,5 por ciento de la facturaci\u00f3n total del sector en el primer trimestre, con 9.738,4 millones de pesos; los implementos tuvieron un 26,4 por ciento de participaci\u00f3n, con 6.682,3 millones de pesos; las cosechadoras un 19,3 por ciento de participaci\u00f3n, con 4.877,8 millones de pesos; y las sembradoras, el 15,8 por ciento restante, con 3.979,4 millones de pesos.<\/p>\n\n\n\n<p>Fuente: Subsecretar\u00eda de Comunicaci\u00f3n P\u00fablica \u2013 Jefatura de Gabinete de Ministros.&nbsp; Foto T\u00e9lam.<\/p>\n","protected":false},"excerpt":{"rendered":"<p>La facturaci\u00f3n por la venta de maquinaria agr\u00edcola en el primer trimestre del 2021, alcanz\u00f3 los 25.277,9 millones de pesos, lo que significa un 93,4 por ciento m\u00e1s que en el mismo per\u00edodo de 2020, seg\u00fan inform\u00f3 esta semana el Instituto Nacional de Estad\u00edstica y Censos (INDEC). Los tractores, con 9.738,4 millones de pesos, representaron [&hellip;]<\/p>\n","protected":false},"author":2,"featured_media":8190,"comment_status":"closed","ping_status":"open","sticky":false,"template":"","format":"standard","meta":{"footnotes":""},"categories":[9],"tags":[2246],"_links":{"self":[{"href":"https:\/\/agendadelsur.com\/index.php\/wp-json\/wp\/v2\/posts\/8188"}],"collection":[{"href":"https:\/\/agendadelsur.com\/index.php\/wp-json\/wp\/v2\/posts"}],"about":[{"href":"https:\/\/agendadelsur.com\/index.php\/wp-json\/wp\/v2\/types\/post"}],"author":[{"embeddable":true,"href":"https:\/\/agendadelsur.com\/index.php\/wp-json\/wp\/v2\/users\/2"}],"replies":[{"embeddable":true,"href":"https:\/\/agendadelsur.com\/index.php\/wp-json\/wp\/v2\/comments?post=8188"}],"version-history":[{"count":1,"href":"https:\/\/agendadelsur.com\/index.php\/wp-json\/wp\/v2\/posts\/8188\/revisions"}],"predecessor-version":[{"id":8191,"href":"https:\/\/agendadelsur.com\/index.php\/wp-json\/wp\/v2\/posts\/8188\/revisions\/8191"}],"wp:featuredmedia":[{"embeddable":true,"href":"https:\/\/agendadelsur.com\/index.php\/wp-json\/wp\/v2\/media\/8190"}],"wp:attachment":[{"href":"https:\/\/agendadelsur.com\/index.php\/wp-json\/wp\/v2\/media?parent=8188"}],"wp:term":[{"taxonomy":"category","embeddable":true,"href":"https:\/\/agendadelsur.com\/index.php\/wp-json\/wp\/v2\/categories?post=8188"},{"taxonomy":"post_tag","embeddable":true,"href":"https:\/\/agendadelsur.com\/index.php\/wp-json\/wp\/v2\/tags?post=8188"}],"curies":[{"name":"wp","href":"https:\/\/api.w.org\/{rel}","templated":true}]}}