{"id":8661,"date":"2021-06-17T15:28:18","date_gmt":"2021-06-17T18:28:18","guid":{"rendered":"https:\/\/agendadelsur.com\/?p=8661"},"modified":"2021-06-17T17:28:21","modified_gmt":"2021-06-17T20:28:21","slug":"el-presidente-encabezo-el-acto-por-el-bicentenario-de-la-muerte-del-general-martin-miguel-de-guemes","status":"publish","type":"post","link":"https:\/\/agendadelsur.com\/index.php\/2021\/06\/17\/el-presidente-encabezo-el-acto-por-el-bicentenario-de-la-muerte-del-general-martin-miguel-de-guemes\/","title":{"rendered":"El Presidente Encabez\u00f3 el Acto por el Bicentenario de la Muerte del General Mart\u00edn Miguel de G\u00fcemes"},"content":{"rendered":"\n<p><strong><em>El General &nbsp;G\u00fcemes comand\u00f3 la Guerra Gaucha y defendi\u00f3 el Norte de las invasiones del imperio espa\u00f1ol, durante la lucha por nuestra independencia.&nbsp;  Mart\u00edn Miguel de G\u00fcemes&nbsp;muri\u00f3 el 17 de junio de 1821, a los 36 a\u00f1os de edad en la Ca\u00f1ada de la Horqueta, cerca de la ciudad de Salta. Yac\u00eda herido en un catre improvisado y a la intemperie, luego de una emboscada realizada por tropas espa\u00f1olas.<\/em><\/strong><\/p>\n\n\n\n<div class=\"wp-block-image\"><figure class=\"aligncenter size-large is-resized\"><img loading=\"lazy\" decoding=\"async\" src=\"https:\/\/agendadelsur.com\/wp-content\/uploads\/2021\/06\/La_muerte_de_Guemes.jpg\" alt=\"\" class=\"wp-image-8662\" width=\"534\" height=\"314\" srcset=\"https:\/\/agendadelsur.com\/wp-content\/uploads\/2021\/06\/La_muerte_de_Guemes.jpg 1024w, https:\/\/agendadelsur.com\/wp-content\/uploads\/2021\/06\/La_muerte_de_Guemes-300x177.jpg 300w, https:\/\/agendadelsur.com\/wp-content\/uploads\/2021\/06\/La_muerte_de_Guemes-768x452.jpg 768w\" sizes=\"(max-width: 534px) 100vw, 534px\" \/><\/figure><\/div>\n\n\n\n<p>G\u00fcemes fue traicionado por las clases altas de Salta y Jujuy junto al Gobernador de Tucum\u00e1n, Bernab\u00e9 Ar\u00e1oz que nunca le perdonar\u00edan -que haya impulsado el reconocimiento a cada uno de los gauchos y peones que combatieron en la guerra por la independencia- para que sean tratados como hombres libres y no responder a los caprichos de los se\u00f1ores feudales de Salta, Jujuy y Tucum\u00e1n.<\/p>\n\n\n\n<p>El presidente Alberto Fern\u00e1ndez dijo que \u201cvoy a trabajar por reconstruir un pa\u00eds federal donde el Norte no sea un norte olvidado, donde no haya un pa\u00eds central y una Argentina perif\u00e9rica\u201d, al encabezar esta ma\u00f1ana el acto conmemorativo por el bicentenario del fallecimiento del general Mart\u00edn Miguel de G\u00fcemes que tuvo lugar en el Monumento que se encuentra en la ciudad de Salta.<\/p>\n\n\n\n<p>\u201cHoy es un d\u00eda propicio, a 200 a\u00f1os de su muerte, para que yo le jure al General que, en medio de la pandemia, voy a trabajar incansablemente para que la salud de cada argentino y cada argentina est\u00e9 preservada; para que le jure al General que su muerte no ha sido en vano\u201d, enfatiz\u00f3 el mandatario.<\/p>\n\n\n\n<p>\u201cQuiero jurarle al General que voy a trabajar con los 24 gobernadores de la Argentina, porque es el imperativo que este tiempo me pone y es lo que la Argentina reclama. Quiero decirle, General, que voy a trabajar para que r\u00e1pidamente nos vacunemos todos, para que cada argentino y argentina deje vivir con el miedo de que un virus se mete en su cuerpo y complique su salud o termine con su vida\u201d, afirm\u00f3 ante los infernales de G\u00fcemes.<\/p>\n\n\n\n<p>El Presidente pidi\u00f3 tomar la templanza de nuestros h\u00e9roes de la Independencia y dijo que \u201chacer patria es ser generoso con el otro, con el pr\u00f3jimo, es recuperar la solidaridad, es entender -como dice el Papa Francisco y no me canso de repetir- que nadie en un escenario como \u00e9ste puede salvarse solo, que todos necesitamos del otro. Ser patriota es defender nuestra tierra, con toda su diversidad, es entender que cuando no estamos unidos, solo el malestar, la pena y la angustia terminan gan\u00e1ndonos\u201d.<\/p>\n\n\n\n<p>\u201cHacer patria es hacer justicia, es reclamar igualdad para todos, es tener convicciones y que esas convicciones nunca sean vulneradas por los poderosos que intentan comprarlas\u201d, remarc\u00f3.<\/p>\n\n\n\n<p>Del acto participaron tambi\u00e9n el gobernador Gustavo S\u00e1enz; el vicegobernador, Antonio Marocco, y la intendenta de la capital provincial, Bettina Romero.<\/p>\n\n\n\n<p>\u201cHay una Argentina que duele, lastimada, por tantos a\u00f1os de olvido, hoy tenemos la esperanza de un gobierno que ha dejado de lado el centralismo porte\u00f1o, porque la Argentina no empieza y termina en Buenos Aires, Argentina es mucho m\u00e1s grande\u201d, dijo S\u00e1enz, quien previamente hizo entrega del decreto que declara hu\u00e9sped ilustre al Jefe de Estado durante su visita a la Provincia de Salta.<\/p>\n\n\n\n<p>Durante el acto, el mandatario descubri\u00f3 junto al gobernador salte\u00f1o una placa recordatoria en la que se puede leer la siguiente frase del General G\u00fcemes: \u201cVoy a dejarlos, pero me voy tranquilo, porque s\u00e9 que detr\u00e1s de m\u00ed quedan ustedes que sabr\u00e1n defender la patria con el valor que han dado pruebas\u201d.<\/p>\n\n\n\n<p>Del homenaje al h\u00e9roe patrio tambi\u00e9n participaron los gobernadores de Chaco, Jorge Capitanich, y de Formosa, Gildo Insfr\u00e1n.<\/p>\n\n\n\n<p>El Presidente asisti\u00f3 al evento acompa\u00f1ado por los ministros de Defensa, Agust\u00edn Rossi, y del Interior, Eduardo de Pedro; la ministra de Salud, Carla Vizzotti; el secretario general de la Presidencia, Julio Vitobello, y la titular del PAMI, Luana Volnovich.<\/p>\n\n\n\n<p style=\"font-size:14px\"><em>Fuente: Presidencia de la Naci\u00f3n<\/em><\/p>\n","protected":false},"excerpt":{"rendered":"<p>El General &nbsp;G\u00fcemes comand\u00f3 la Guerra Gaucha y defendi\u00f3 el Norte de las invasiones del imperio espa\u00f1ol, durante la lucha por nuestra independencia.&nbsp; Mart\u00edn Miguel de G\u00fcemes&nbsp;muri\u00f3 el 17 de junio de 1821, a los 36 a\u00f1os de edad en la Ca\u00f1ada de la Horqueta, cerca de la ciudad de Salta. Yac\u00eda herido en un [&hellip;]<\/p>\n","protected":false},"author":2,"featured_media":8663,"comment_status":"closed","ping_status":"open","sticky":false,"template":"","format":"standard","meta":{"footnotes":""},"categories":[9],"tags":[2422,2423],"_links":{"self":[{"href":"https:\/\/agendadelsur.com\/index.php\/wp-json\/wp\/v2\/posts\/8661"}],"collection":[{"href":"https:\/\/agendadelsur.com\/index.php\/wp-json\/wp\/v2\/posts"}],"about":[{"href":"https:\/\/agendadelsur.com\/index.php\/wp-json\/wp\/v2\/types\/post"}],"author":[{"embeddable":true,"href":"https:\/\/agendadelsur.com\/index.php\/wp-json\/wp\/v2\/users\/2"}],"replies":[{"embeddable":true,"href":"https:\/\/agendadelsur.com\/index.php\/wp-json\/wp\/v2\/comments?post=8661"}],"version-history":[{"count":2,"href":"https:\/\/agendadelsur.com\/index.php\/wp-json\/wp\/v2\/posts\/8661\/revisions"}],"predecessor-version":[{"id":8668,"href":"https:\/\/agendadelsur.com\/index.php\/wp-json\/wp\/v2\/posts\/8661\/revisions\/8668"}],"wp:featuredmedia":[{"embeddable":true,"href":"https:\/\/agendadelsur.com\/index.php\/wp-json\/wp\/v2\/media\/8663"}],"wp:attachment":[{"href":"https:\/\/agendadelsur.com\/index.php\/wp-json\/wp\/v2\/media?parent=8661"}],"wp:term":[{"taxonomy":"category","embeddable":true,"href":"https:\/\/agendadelsur.com\/index.php\/wp-json\/wp\/v2\/categories?post=8661"},{"taxonomy":"post_tag","embeddable":true,"href":"https:\/\/agendadelsur.com\/index.php\/wp-json\/wp\/v2\/tags?post=8661"}],"curies":[{"name":"wp","href":"https:\/\/api.w.org\/{rel}","templated":true}]}}