{"id":8692,"date":"2021-06-18T01:40:35","date_gmt":"2021-06-18T04:40:35","guid":{"rendered":"https:\/\/agendadelsur.com\/?p=8692"},"modified":"2021-06-18T18:43:32","modified_gmt":"2021-06-18T21:43:32","slug":"derechos-humanos-en-argentina-milagro-sala-casi-cinco-anos-y-medio-de-detencion-arbitraria-y-una-nueva-condena-a-mas-de-tres-anos-de-prision","status":"publish","type":"post","link":"https:\/\/agendadelsur.com\/index.php\/2021\/06\/18\/derechos-humanos-en-argentina-milagro-sala-casi-cinco-anos-y-medio-de-detencion-arbitraria-y-una-nueva-condena-a-mas-de-tres-anos-de-prision\/","title":{"rendered":"Derechos Humanos en Argentina: Milagro Sala casi cinco a\u00f1os y medio de detenci\u00f3n arbitraria y una nueva condena a m\u00e1s de tres a\u00f1os de prisi\u00f3n"},"content":{"rendered":"\n<p><strong><em>Ante estas aberraciones del Poder Judicial, el Poder Ejecutivo y el Poder Legislativo -salvo m\u00ednimas excepciones- avalan con su silencio estos atropellos de la justicia penal. Tampoco la dirigencia pol\u00edtica en general -del espacio al que adhiere la organizaci\u00f3n de Sala- ha tenido una actitud en\u00e9rgica y constante en defensa de la dirigente de la Tupac.<\/em><\/strong><\/p>\n\n\n\n<p>El Tribunal Oral Federal de Jujuy dict\u00f3 este jueves una nueva sentencia de 3 a\u00f1os y medio de prisi\u00f3n contra la dirigente social Milagro Sala por da\u00f1os y amenazas por la causa de un escrache al actual gobernador Gerardo Morales en el a\u00f1o 2009.<\/p>\n\n\n\n<p>Luego de que la l\u00edder de la Tupac Amaru fuera condenada en esa causa a 3 a\u00f1os de prisi\u00f3n en suspenso en 2016, el expediente pas\u00f3 a la C\u00e1mara de Casaci\u00f3n, que confirm\u00f3 esa pena por el delito de da\u00f1os, pero consider\u00f3 que la prescripci\u00f3n de la acusaci\u00f3n por amenazas estaba mal dictada y orden\u00f3 al TOF resolver una nueva sentencia.<br><br>En ese marco, y tras la denuncia de la defensa de Sala ante el Consejo de la Magistratura a los jueces del TOF juje\u00f1o Mario H\u00e9ctor Ju\u00e1rez Almaraz (presidente), Alejandra Cataldi y Liliana Snopek &#8220;por mal desempe\u00f1o&#8221;,\u00a0<strong>los magistrados agravaron con seis meses la resoluci\u00f3n condenatoria.<\/strong><br><br>&#8220;La sentencia es totalmente arbitraria e ilegal porque es una causa que est\u00e1 prescripta y es una obligaci\u00f3n del Tribunal dictar su prescripci\u00f3n&#8221;, dijo a T\u00e9lam Marcos Aldaz\u00e1bal, uno de los abogados de la referente social juje\u00f1a.<br><br>Aldaz\u00e1bal afirm\u00f3 que\u00a0<strong>Sala &#8220;no estaba&#8221; en el lugar de los hechos, y en el debate, &#8220;solo hab\u00eda un testigo que minti\u00f3, que dijo que no trabajaba para el Estado y luego se demostr\u00f3 que cobraba un sueldo de la Gobernaci\u00f3n de Jujuy&#8221;.<\/strong><br><br>Record\u00f3 que d\u00edas atr\u00e1s el TOF llam\u00f3 a una audiencia con 48 horas de anticipaci\u00f3n, &#8220;por lo que no les import\u00f3 que los abogados no estemos en Jujuy, y en la audiencia por videoconferencia no nos dieron la palabra ni una sola vez&#8221;.<br><br>Voceros del c\u00edrculo de Sala consideran que cada vez que se avecinan las elecciones \u2013en este caso las legislativas provinciales del 27 de junio pr\u00f3ximo- , &#8220;aparece el aparato represivo a mostrar esta imagen de la mujer perseguida por acciones indeterminadas&#8221;.<br>Agenda del Sur \/ Fuente: T\u00e9lam<\/p>\n","protected":false},"excerpt":{"rendered":"<p>Ante estas aberraciones del Poder Judicial, el Poder Ejecutivo y el Poder Legislativo -salvo m\u00ednimas excepciones- avalan con su silencio estos atropellos de la justicia penal. Tampoco la dirigencia pol\u00edtica en general -del espacio al que adhiere la organizaci\u00f3n de Sala- ha tenido una actitud en\u00e9rgica y constante en defensa de la dirigente de la [&hellip;]<\/p>\n","protected":false},"author":2,"featured_media":8693,"comment_status":"closed","ping_status":"open","sticky":false,"template":"","format":"standard","meta":{"footnotes":""},"categories":[9],"tags":[2429,2430],"_links":{"self":[{"href":"https:\/\/agendadelsur.com\/index.php\/wp-json\/wp\/v2\/posts\/8692"}],"collection":[{"href":"https:\/\/agendadelsur.com\/index.php\/wp-json\/wp\/v2\/posts"}],"about":[{"href":"https:\/\/agendadelsur.com\/index.php\/wp-json\/wp\/v2\/types\/post"}],"author":[{"embeddable":true,"href":"https:\/\/agendadelsur.com\/index.php\/wp-json\/wp\/v2\/users\/2"}],"replies":[{"embeddable":true,"href":"https:\/\/agendadelsur.com\/index.php\/wp-json\/wp\/v2\/comments?post=8692"}],"version-history":[{"count":2,"href":"https:\/\/agendadelsur.com\/index.php\/wp-json\/wp\/v2\/posts\/8692\/revisions"}],"predecessor-version":[{"id":8708,"href":"https:\/\/agendadelsur.com\/index.php\/wp-json\/wp\/v2\/posts\/8692\/revisions\/8708"}],"wp:featuredmedia":[{"embeddable":true,"href":"https:\/\/agendadelsur.com\/index.php\/wp-json\/wp\/v2\/media\/8693"}],"wp:attachment":[{"href":"https:\/\/agendadelsur.com\/index.php\/wp-json\/wp\/v2\/media?parent=8692"}],"wp:term":[{"taxonomy":"category","embeddable":true,"href":"https:\/\/agendadelsur.com\/index.php\/wp-json\/wp\/v2\/categories?post=8692"},{"taxonomy":"post_tag","embeddable":true,"href":"https:\/\/agendadelsur.com\/index.php\/wp-json\/wp\/v2\/tags?post=8692"}],"curies":[{"name":"wp","href":"https:\/\/api.w.org\/{rel}","templated":true}]}}