{"id":8918,"date":"2021-06-28T00:34:33","date_gmt":"2021-06-28T03:34:33","guid":{"rendered":"https:\/\/agendadelsur.com\/?p=8918"},"modified":"2021-06-28T00:34:34","modified_gmt":"2021-06-28T03:34:34","slug":"el-gobierno-nacional-anuncio-la-construccion-de-50-nuevas-casas-para-ampliar-la-red-de-sedronar","status":"publish","type":"post","link":"https:\/\/agendadelsur.com\/index.php\/2021\/06\/28\/el-gobierno-nacional-anuncio-la-construccion-de-50-nuevas-casas-para-ampliar-la-red-de-sedronar\/","title":{"rendered":"El Gobierno Nacional anunci\u00f3 la construcci\u00f3n de 50 nuevas casas para ampliar la red de Sedronar"},"content":{"rendered":"\n<p>El jefe de Gabinete de Ministros de la Naci\u00f3n, Santiago Cafiero, junto al ministro de Obras P\u00fablicas, Gabriel Katopodis; la titular de la Secretar\u00eda de Pol\u00edticas Integrales sobre Drogas de la Naci\u00f3n (SEDRONAR), Gabriela Torres, y el intendente de San Mart\u00edn, Fernando Moreira, inauguraron este s\u00e1bado una Casa para J\u00f3venes ubicada en el Boulevard Ayacucho 2091, en el municipio de San Mart\u00edn.<\/p>\n\n\n\n<p>En el marco del d\u00eda Internacional de la Lucha contra el Uso Indebido de Drogas y el Tr\u00e1fico Il\u00edcito de Drogas, el jefe de Gabinete anunci\u00f3 adem\u00e1s la construcci\u00f3n de 50 Casas para J\u00f3venes en todo el pa\u00eds, en un trabajo conjunto entre SEDRONAR&nbsp; y el Ministerio de Obras P\u00fablicas. Estas casas&nbsp; se sumar\u00e1n&nbsp; a la ampliaci\u00f3n de la Red territorial SEDRONAR, que ya cuenta con 580 dispositivos en todo el pa\u00eds.<\/p>\n\n\n\n<p>\u201cVamos a llevar adelante la construcci\u00f3n de 50 nuevas casas de d\u00eda\u201d dijo Cafiero y puntualiz\u00f3: \u201cEn estos 18 meses en ning\u00fan momento se detuvo el trabajo, y en ning\u00fan momento la pandemia o las dificultades econ\u00f3micas fueron parte de una excusa. El peronismo no pone excusas, el peronismo pone obra p\u00fablica, trabajo y ampl\u00eda derechos\u201d.<\/p>\n\n\n\n<p>Asimismo el jefe de Gabinete, manifest\u00f3: \u201cTenemos un compromiso f\u00e9rreo con los argentinos y argentinas y lo venimos llevando adelante cada uno desde su \u00e1rea\u201d. \u201cA la pol\u00edtica de cuidado de la salud le agregamos lo que vino a desnudar la pandemia, la necesidad de contar con m\u00e1s herramientas de pol\u00edtica p\u00fablica para llegar a toda la Argentina\u201d enfatiz\u00f3.<\/p>\n\n\n\n<p>Las Casas para J\u00f3venes son espacios p\u00fablicos destinados a la prevenci\u00f3n y la atenci\u00f3n de la poblaci\u00f3n joven que atraviesa problem\u00e1ticas de consumo de sustancias. Trabajan desde un abordaje integral y articulado en cada territorio, para el cuidado de los y las j\u00f3venes, sus trayectorias y sus contextos para la construcci\u00f3n de un proyecto de vida m\u00e1s saludable. Son espacios inclusivos, accesibles y de puertas abiertas en los que no hay requisitos para el ingreso.<\/p>\n\n\n\n<p>Sedronar proporcionar\u00e1 profesionales con equipos interdisciplinarios, y los gobiernos locales podr\u00e1n sumar acciones para el desarrollo integral&nbsp; como salud, educaci\u00f3n, capacitaci\u00f3n laboral, acceso a la justicia,&nbsp; pol\u00edticas de g\u00e9nero.<\/p>\n\n\n\n<p>\u201cEstamos abocados a extender el plan de atenci\u00f3n y hoy abrir este lugar en San Mart\u00edn es una alegr\u00eda enorme. Desde que llegamos al gobierno trabajamos en hacer pol\u00edticas para recuperar el rol del estado\u201d asever\u00f3 la titular del SEDRONAR y detall\u00f3: \u201chemos expandido nuestra red, es el espacio nuevo n\u00famero 156 que abrimos&nbsp; y hoy tenemos m\u00e1s de 580 espacios de atenci\u00f3n\u201d.<\/p>\n\n\n\n<p>Para finalizar, Torres afirm\u00f3 : \u201cEstos son temas que si no los toman las m\u00e1ximas autoridades, quedan invisibilizados y en ese sentido somos parte de un gobierno que piensa en la equidad\u201d.<\/p>\n\n\n\n<p>Por su parte el intendente local subray\u00f3 que \u201cse trata de un avance en las pol\u00edticas que venimos llevando adelante en la materia, con dispositivos propios y tambi\u00e9n con los profesionales de la SEDRONAR\u201d.<\/p>\n\n\n\n<p>\u201cQuer\u00edamos tener un espacio c\u00e9ntrico que mejorara la accesibilidad y visibilizara la situaci\u00f3n y hoy estamos inaugurando esta casa, que nos llena de alegr\u00eda, en una l\u00f3gica de gesti\u00f3n que nos permite articular con los distintos niveles del Estado Nacional\u201d remarc\u00f3 Moreira.<\/p>\n\n\n\n<p>De la actividad, tambi\u00e9n participaron el diputado nacional Leonardo Grosso, el Padre \u201cPepe\u201d Di Paola, e integrantes de las Casas de Atenci\u00f3n y Acompa\u00f1amiento Comunitario del Municipio de San Mart\u00edn.<\/p>\n","protected":false},"excerpt":{"rendered":"<p>El jefe de Gabinete de Ministros de la Naci\u00f3n, Santiago Cafiero, junto al ministro de Obras P\u00fablicas, Gabriel Katopodis; la titular de la Secretar\u00eda de Pol\u00edticas Integrales sobre Drogas de la Naci\u00f3n (SEDRONAR), Gabriela Torres, y el intendente de San Mart\u00edn, Fernando Moreira, inauguraron este s\u00e1bado una Casa para J\u00f3venes ubicada en el Boulevard Ayacucho [&hellip;]<\/p>\n","protected":false},"author":2,"featured_media":8919,"comment_status":"closed","ping_status":"open","sticky":false,"template":"","format":"standard","meta":{"footnotes":""},"categories":[9],"tags":[2487,2486],"_links":{"self":[{"href":"https:\/\/agendadelsur.com\/index.php\/wp-json\/wp\/v2\/posts\/8918"}],"collection":[{"href":"https:\/\/agendadelsur.com\/index.php\/wp-json\/wp\/v2\/posts"}],"about":[{"href":"https:\/\/agendadelsur.com\/index.php\/wp-json\/wp\/v2\/types\/post"}],"author":[{"embeddable":true,"href":"https:\/\/agendadelsur.com\/index.php\/wp-json\/wp\/v2\/users\/2"}],"replies":[{"embeddable":true,"href":"https:\/\/agendadelsur.com\/index.php\/wp-json\/wp\/v2\/comments?post=8918"}],"version-history":[{"count":1,"href":"https:\/\/agendadelsur.com\/index.php\/wp-json\/wp\/v2\/posts\/8918\/revisions"}],"predecessor-version":[{"id":8920,"href":"https:\/\/agendadelsur.com\/index.php\/wp-json\/wp\/v2\/posts\/8918\/revisions\/8920"}],"wp:featuredmedia":[{"embeddable":true,"href":"https:\/\/agendadelsur.com\/index.php\/wp-json\/wp\/v2\/media\/8919"}],"wp:attachment":[{"href":"https:\/\/agendadelsur.com\/index.php\/wp-json\/wp\/v2\/media?parent=8918"}],"wp:term":[{"taxonomy":"category","embeddable":true,"href":"https:\/\/agendadelsur.com\/index.php\/wp-json\/wp\/v2\/categories?post=8918"},{"taxonomy":"post_tag","embeddable":true,"href":"https:\/\/agendadelsur.com\/index.php\/wp-json\/wp\/v2\/tags?post=8918"}],"curies":[{"name":"wp","href":"https:\/\/api.w.org\/{rel}","templated":true}]}}