{"id":9883,"date":"2021-07-28T20:05:24","date_gmt":"2021-07-28T23:05:24","guid":{"rendered":"https:\/\/agendadelsur.com\/?p=9883"},"modified":"2021-07-28T20:05:25","modified_gmt":"2021-07-28T23:05:25","slug":"28-de-julio-bicentenario-de-la-independencia-del-peru","status":"publish","type":"post","link":"https:\/\/agendadelsur.com\/index.php\/2021\/07\/28\/28-de-julio-bicentenario-de-la-independencia-del-peru\/","title":{"rendered":"28 de julio &#8211; Bicentenario de la independencia del Per\u00fa"},"content":{"rendered":"\n<p class=\"has-vivid-red-color has-text-color\"><strong><em>Un d\u00eda como hoy, pero hace 200 a\u00f1os, el General Jos\u00e9 de San Mart\u00edn, en una ceremonia p\u00fablica, proclamaba la independencia del Per\u00fa.<\/em><\/strong><\/p>\n\n\n\n<p>El 15 de julio de 1821, 300 de los principales vecinos de Lima firmaron el Acta de Independencia del Per\u00fa. Pero fue reci\u00e9n el s\u00e1bado 28 de julio de 1821, en una ceremonia p\u00fablica, cuando el General San Mart\u00edn proclam\u00f3 la independencia del Per\u00fa en la Plaza Mayor de Lima.<\/p>\n\n\n\n<p>Seg\u00fan testigos de la \u00e9poca, aproximadamente 16.000 personas presenciaron la ceremonia en la cual el Libertador, con la flamante bandera peruana en la mano, exclam\u00f3:<\/p>\n\n\n\n<div class=\"wp-block-image\"><figure class=\"aligncenter size-large is-resized\"><img decoding=\"async\" src=\"https:\/\/agendadelsur.com\/wp-content\/uploads\/2021\/07\/EGM2ELSNF5CLNNADPV3APGGJTA-1024x602.gif\" alt=\"\" class=\"wp-image-9884\" width=\"-219\" height=\"-129\" srcset=\"https:\/\/agendadelsur.com\/wp-content\/uploads\/2021\/07\/EGM2ELSNF5CLNNADPV3APGGJTA-1024x602.gif 1024w, https:\/\/agendadelsur.com\/wp-content\/uploads\/2021\/07\/EGM2ELSNF5CLNNADPV3APGGJTA-300x176.gif 300w, https:\/\/agendadelsur.com\/wp-content\/uploads\/2021\/07\/EGM2ELSNF5CLNNADPV3APGGJTA-768x452.gif 768w\" sizes=\"(max-width: 1024px) 100vw, 1024px\" \/><\/figure><\/div>\n\n\n\n<p>&#8220;Desde este momento el Per\u00fa es libre e independiente por la voluntad general de los pueblos y por la justicia de su causa que dios defiende. \u00a1Viva la Patria!, \u00a1Viva la libertad!, \u00a1Viva la independencia!&#8221;.<\/p>\n\n\n\n<p>En un principio el general se hab\u00eda negado a aceptar el cargo de Protector de Per\u00fa, pero el clamor popular y los consejos de su amigo y secretario Bernardo de Monteagudo, le hicieron dar cuenta que el peligro realista estaba latente; su presencia era imprescindible para terminar con el dominio espa\u00f1ol.<\/p>\n\n\n\n<p>Los d\u00edas previos<\/p>\n\n\n\n<p>El 6 de julio, el virrey Jos\u00e9 de la Serna abandona Lima con 6.000 hombres.<\/p>\n\n\n\n<p>El 8 de julio entran en Lima los emisarios de San Mart\u00edn.<\/p>\n\n\n\n<p>El 9 de julio, en horas de la noche, ingresa a Lima una divisi\u00f3n de la caballer\u00eda patriota.<\/p>\n\n\n\n<p>El 10 de julio, San Mart\u00edn entra en Lima y se aloja en casa del marqu\u00e9s de Montemira.<\/p>\n\n\n\n<p>El 12 de julio, San Mart\u00edn recomienda al general Arenales no comprometer su divisi\u00f3n en combate mientras no tuviera la seguridad completa de vencer.<\/p>\n\n\n\n<p>El 14 de julio, San Mart\u00edn dirige un oficio al Cabildo de Lima destacando la conveniencia de convocar una junta general que, representando al com\u00fan de los habitantes de la capital, expresase si la opini\u00f3n general estaba decidida a proclamar la Independencia. El Cabildo responde, de inmediato, en sentido afirmativo al d\u00eda siguiente.<\/p>\n\n\n\n<p>El 16 de julio, La Gaceta de Lima publica un homenaje a San Mart\u00edn:<\/p>\n\n\n\n<p>\u201c\u00a1Gloria al \u00ednclito var\u00f3n, al libertador general del Per\u00fa, guerrero esforzado, que vino a romper nuestras cadenas (\u2026) La presencia del general San Mart\u00edn embot\u00f3 las armas del enemigo obstinado en perpetuar nuestra opresi\u00f3n. \u00a1Esfuerzo in\u00fatil! (\u2026) Lima respira finalmente sostenida por sus virtudes patriotas; y no teniendo ya nada que temer, recibe dentro de sus muros pac\u00edficos a su libertador\u201d.<\/p>\n\n\n\n<p>El 17 de julio, Antonio Jos\u00e9 de Sucre sofoca un levantamiento realista en Guayaquil. Ese mismo d\u00eda, San Mart\u00edn emite un bando en el que dispone la supresi\u00f3n de escudos de armas en los edificios p\u00fablicos; aunque permite el uso de los escudos particulares y emite otro en el que se dispone sean castigados los atropellos e insultos contra espa\u00f1oles. Empero, dos d\u00edas despu\u00e9s, en un nuevo bando dispone que el comercio espa\u00f1ol debe abrir sus puertas, caso contrario ser\u00e1 sujeto a confiscaci\u00f3n. El d\u00eda 24 prohibir\u00e1, asimismo, la utilizaci\u00f3n de distintivos realistas.<\/p>\n\n\n\n<p>El 18 de julio se reanudan las actividades p\u00fablicas de Lima.<\/p>\n\n\n\n<p>El 19 de julio, San Mart\u00edn le escribe a O\u2019Higgins anunci\u00e1ndole que los realistas han abandonado Lima y que percibe un gran entusiasmo popular por la noticia.<\/p>\n\n\n\n<p>El 25 de julio, San Mart\u00edn emite un bando en el anuncia a los peruanos que el s\u00e1bado 28 se proclamar\u00e1 solemnemente la Independencia.<\/p>\n\n\n\n<p>\u201cY para que se haga con la solemnidad correspondiente, espero que este noble vecindario autorice el augusto acto de la Jura, concurriendo a \u00e9l: que adorne e ilumine sus casas en las noches del viernes, s\u00e1bado y domingo; para que con las demostraciones de j\u00fabilo se den al mundo los m\u00e1s fuertes testimonios del inter\u00e9s con que la ilustre capital del Per\u00fa celebra el d\u00eda primero de su independencia y el de su incorporaci\u00f3n a la gran familia americana.\u201d<\/p>\n\n\n\n<p>El s\u00e1bado 28 julio, la dura, extensa y sacrificada campa\u00f1a da su mejor fruto al producirse la jura de la independencia del Per\u00fa. San Mart\u00edn lanza una proclama cuyas palabras<\/p>\n\n\n\n<p>\u201c(\u2026) permanecer\u00e1n esculpidas en el coraz\u00f3n de todo peruano eternamente: El Per\u00fa es desde este momento libre e independiente por la voluntad general de los pueblos, y por la justicia de su causa que Dios defiende.\u201d<\/p>\n\n\n\n<p>San Mart\u00edn, Protector del Per\u00fa<\/p>\n\n\n\n<p>El gobierno independiente le otorg\u00f3 a San Mart\u00edn el t\u00edtulo de Protector del Per\u00fa, con plena autoridad civil y militar. Una de sus primeras medidas fue decretar la libertad de los esclavos nacidos desde la Independencia:<\/p>\n\n\n\n<p>\u201cUna porci\u00f3n numerosa de nuestra especie ha sido hasta hoy mirada como un efecto permutable, y sujeto a los c\u00e1lculos de un tr\u00e1fico criminal: los hombres han comprado a los hombres, y no se han avergonzado de degradar la familia a la que pertenecen vendi\u00e9ndose unos a otros. Las instituciones de los pueblos b\u00e1rbaros han establecido el derecho de propiedad en contravenci\u00f3n al m\u00e1s augusto que la naturaleza ha concedido\u201d.<\/p>\n\n\n\n<p>Durante su gobierno, debi\u00f3 enfrentar graves dificultades financieras y continuar la guerra contra los realistas, que segu\u00edan resistiendo en el centro y el sur del Per\u00fa.<\/p>\n\n\n\n<p>Pero tambi\u00e9n estuvo comprometidos con los contenidos educativos y su eficiencia:<\/p>\n\n\n\n<p>\u201cLos gobiernos interesados en el progreso de las letras no deben cuidar solamente de que se multipliquen las escuelas p\u00fablicas, sino de establecer en ellas el m\u00e9todo m\u00e1s f\u00e1cil y sencillo de ense\u00f1anza que produzca un completo aprovechamiento para la adquisici\u00f3n de otros conocimientos\u201d.<\/p>\n\n\n\n<p>En cada ciudad liberada fundaba una biblioteca. Algunos libros de su colecci\u00f3n personal fueron donados a la Biblioteca Nacional de Lima y en su primer testamento de 1818 destin\u00f3 sus libros para la biblioteca de Mendoza. En este sentido, la Universidad de San Marcos de Lima le concedi\u00f3 el primer t\u00edtulo de Doctor Honoris Causa, el 20 de octubre de 1821.<\/p>\n\n\n\n<p>&#8220;\u201cLos d\u00edas de estreno de los establecimientos de ilustraci\u00f3n son tan luctuosos para los tiranos como plausibles a los amantes de la libertad. Ellos establecen en el mundo literario las \u00e9pocas de los progresos del esp\u00edritu. La Biblioteca Nacional es una de las obras emprendidas que prometen m\u00e1s ventajas a la causa americana. Todo hombre que desee saber, puede instruirse gratuitamente&#8221;<\/p>\n\n\n\n<p>General Jos\u00e9 de San Mart\u00edn, Protector del Per\u00fa<\/p>\n\n\n\n<p>Fuente: argentina.gob.ar<\/p>\n","protected":false},"excerpt":{"rendered":"<p>Un d\u00eda como hoy, pero hace 200 a\u00f1os, el General Jos\u00e9 de San Mart\u00edn, en una ceremonia p\u00fablica, proclamaba la independencia del Per\u00fa. El 15 de julio de 1821, 300 de los principales vecinos de Lima firmaron el Acta de Independencia del Per\u00fa. Pero fue reci\u00e9n el s\u00e1bado 28 de julio de 1821, en una [&hellip;]<\/p>\n","protected":false},"author":2,"featured_media":9885,"comment_status":"closed","ping_status":"open","sticky":false,"template":"","format":"standard","meta":{"footnotes":""},"categories":[576],"tags":[2889,2890,2795],"_links":{"self":[{"href":"https:\/\/agendadelsur.com\/index.php\/wp-json\/wp\/v2\/posts\/9883"}],"collection":[{"href":"https:\/\/agendadelsur.com\/index.php\/wp-json\/wp\/v2\/posts"}],"about":[{"href":"https:\/\/agendadelsur.com\/index.php\/wp-json\/wp\/v2\/types\/post"}],"author":[{"embeddable":true,"href":"https:\/\/agendadelsur.com\/index.php\/wp-json\/wp\/v2\/users\/2"}],"replies":[{"embeddable":true,"href":"https:\/\/agendadelsur.com\/index.php\/wp-json\/wp\/v2\/comments?post=9883"}],"version-history":[{"count":1,"href":"https:\/\/agendadelsur.com\/index.php\/wp-json\/wp\/v2\/posts\/9883\/revisions"}],"predecessor-version":[{"id":9886,"href":"https:\/\/agendadelsur.com\/index.php\/wp-json\/wp\/v2\/posts\/9883\/revisions\/9886"}],"wp:featuredmedia":[{"embeddable":true,"href":"https:\/\/agendadelsur.com\/index.php\/wp-json\/wp\/v2\/media\/9885"}],"wp:attachment":[{"href":"https:\/\/agendadelsur.com\/index.php\/wp-json\/wp\/v2\/media?parent=9883"}],"wp:term":[{"taxonomy":"category","embeddable":true,"href":"https:\/\/agendadelsur.com\/index.php\/wp-json\/wp\/v2\/categories?post=9883"},{"taxonomy":"post_tag","embeddable":true,"href":"https:\/\/agendadelsur.com\/index.php\/wp-json\/wp\/v2\/tags?post=9883"}],"curies":[{"name":"wp","href":"https:\/\/api.w.org\/{rel}","templated":true}]}}